{"id":618,"date":"2023-12-19T03:59:35","date_gmt":"2023-12-19T03:59:35","guid":{"rendered":"https:\/\/pachakamani.com\/sonoridadesnarrativas\/catalogo-digital-instituto-nacional-musicologia-carlos-vega-webinar\/"},"modified":"2023-12-20T12:13:18","modified_gmt":"2023-12-20T16:13:18","slug":"catalogo-digital-instituto-nacional-musicologia-carlos-vega-webinar","status":"publish","type":"post","link":"https:\/\/pachakamani.com\/sonoridadesnarrativas\/catalogo-digital-instituto-nacional-musicologia-carlos-vega-webinar\/","title":{"rendered":"Cat\u00e1logo Digital del Instituto Nacional de Musicolog\u00eda \u201cCarlos Vega\u201d | Webinar"},"content":{"rendered":"\n<div class=\"wp-block-cover alignfull\" style=\"min-height:653px;aspect-ratio:unset;\"><span aria-hidden=\"true\" class=\"wp-block-cover__background has-background-dim\"><\/span><img fetchpriority=\"high\" decoding=\"async\" width=\"1920\" height=\"1080\" class=\"wp-block-cover__image-background wp-image-619\" alt=\"\" src=\"https:\/\/pachakamani.com\/sonoridadesnarrativas\/wp-content\/uploads\/sites\/5\/2023\/12\/Carlos-Vega-sonnar-1.jpg\" data-object-fit=\"cover\" srcset=\"https:\/\/pachakamani.com\/sonoridadesnarrativas\/wp-content\/uploads\/sites\/5\/2023\/12\/Carlos-Vega-sonnar-1.jpg 1920w, https:\/\/pachakamani.com\/sonoridadesnarrativas\/wp-content\/uploads\/sites\/5\/2023\/12\/Carlos-Vega-sonnar-1-300x169.jpg 300w, https:\/\/pachakamani.com\/sonoridadesnarrativas\/wp-content\/uploads\/sites\/5\/2023\/12\/Carlos-Vega-sonnar-1-1024x576.jpg 1024w, https:\/\/pachakamani.com\/sonoridadesnarrativas\/wp-content\/uploads\/sites\/5\/2023\/12\/Carlos-Vega-sonnar-1-768x432.jpg 768w, https:\/\/pachakamani.com\/sonoridadesnarrativas\/wp-content\/uploads\/sites\/5\/2023\/12\/Carlos-Vega-sonnar-1-1536x864.jpg 1536w, https:\/\/pachakamani.com\/sonoridadesnarrativas\/wp-content\/uploads\/sites\/5\/2023\/12\/Carlos-Vega-sonnar-1-2048x1152.jpg 2048w\" sizes=\"(max-width: 1920px) 100vw, 1920px\" \/><div class=\"wp-block-cover__inner-container is-layout-flow wp-block-cover-is-layout-flow\">\n<p><\/p>\n\n\n\n<p class=\"has-text-align-center has-ast-global-color-5-color has-text-color has-link-color has-large-font-size wp-elements-314aebe0c2fee46cdfc1b41c3f50fda4\">Cat\u00e1logo Digital del Instituto Nacional de Musicolog\u00eda \u201cCarlos Vega\u201d<\/p>\n\n\n\n<p class=\"has-text-align-center has-ast-global-color-5-color has-text-color has-link-color wp-elements-141ea9d9f15de32d22a99e6247c16b0a\"><strong>Webinar &#8211; PachaKamani &#8211; Sonoridades Narrativas<\/strong><\/p>\n<\/div><\/div>\n\n\n\n<blockquote class=\"wp-block-quote is-layout-flow wp-block-quote-is-layout-flow\">\n<p>Desde el&nbsp;<a href=\"https:\/\/pachakamani.com\/\" target=\"_blank\" rel=\"noopener noreferrer nofollow\">Colectivo PachaKamani<\/a>, nos complace presentar el pr\u00f3ximo evento virtual para cerrar el ciclo 2023 de&nbsp;<a href=\"https:\/\/pachakamani.com\/blog\/category\/webinar\/\" target=\"_blank\" rel=\"noopener noreferrer nofollow\">charlas virtuales y webinar<\/a>. Exploraremos las riquezas culturales de Am\u00e9rica Latina: \u00abCat\u00e1logo Digital del Instituto Nacional de Musicolog\u00eda \u201cCarlos Vega\u00bb. Este webinar, programado para el 21 de diciembre de 2023, ofrecer\u00e1 una fascinante inmersi\u00f3n en la rica herencia musical de la regi\u00f3n.<\/p>\n<\/blockquote>\n\n\n\n<h2 class=\"wp-block-heading\">El Instituto Nacional de Musicolog\u00eda y el proyecto de Carlos Vega<\/h2>\n\n\n\n<p>El enfoque principal de este webinar ser\u00e1 conocer el \u00abProyecto de Puesta en valor de los documentos vinculados a los viajes de campo realizados por Carlos Vega y equipo (1931-1965)\u00bb. Este proyecto no solo busca preservar el valioso archivo generado durante las investigaciones llevadas a cabo en el <strong><a href=\"https:\/\/coleccion.inmcv.gob.ar\/\" target=\"_blank\" rel=\"noreferrer noopener\">Instituto Nacional de Musicolog\u00eda<\/a><\/strong> durante la gesti\u00f3n de Carlos Vega, sino que tambi\u00e9n tiene como objetivo ampliar nuestro entendimiento de las m\u00fasicas y danzas populares de Am\u00e9rica Latina.<\/p>\n\n\n\n<p>Las actividades emprendidas en este proyecto reflejan un esfuerzo continuo en la organizaci\u00f3n, conservaci\u00f3n y digitalizaci\u00f3n de documentos. Fue impulsado por el Programa Ibermemoria Sonora y Audiovisual (2018-2019) con la digitalizaci\u00f3n sonora. Y desde el a\u00f1o 2020 se adopt\u00f3 una perspectiva integral de la Secci\u00f3n, con la misi\u00f3n de implementar una serie de procesos orientados a la preservaci\u00f3n: organizaci\u00f3n archiv\u00edstica, conservaci\u00f3n preventiva, gesti\u00f3n documental y catalogaci\u00f3n, digitalizaci\u00f3n y restauraci\u00f3n digital.<br>Todo ello con el prop\u00f3sito de facilitar el acceso p\u00fablico a este invaluable patrimonio cultural.<\/p>\n\n\n\n<h3 class=\"wp-block-heading\">\u00bfQui\u00e9n fue Carlos Vega?<\/h3>\n\n\n\n<p>Carlos Vega, nacido en 1898 en Ca\u00f1uelas, Argentina, fue un destacado music\u00f3logo y literato que fund\u00f3 y dirigi\u00f3 el <a href=\"https:\/\/coleccion.inmcv.gob.ar\/\" target=\"_blank\" rel=\"noreferrer noopener\">Instituto Nacional de Musicolog\u00eda<\/a> hasta su muerte en 1966, dejando un legado crucial en la investigaci\u00f3n y documentaci\u00f3n de la m\u00fasica tradicional argentina.<\/p>\n\n\n\n<ul class=\"wp-block-list\">\n<li>Inici\u00f3 sus estudios musicales en Buenos Aires en 1926 y se incorpor\u00f3 al Museo de Historia Natural Bernardino Rivadavia.<\/li>\n\n\n\n<li>Fund\u00f3 el Gabinete de Musicolog\u00eda Ind\u00edgena en 1931, que evolucion\u00f3 al Instituto Nacional de Musicolog\u00eda (INM).<\/li>\n\n\n\n<li>Realiz\u00f3 73 viajes de investigaci\u00f3n entre 1931 y 1966, documentando la m\u00fasica rural en Argentina y pa\u00edses vecinos.<\/li>\n\n\n\n<li>Su extenso trabajo result\u00f3 en cientos de art\u00edculos y libros que son pilares de la Musicolog\u00eda en Argentina.<\/li>\n\n\n\n<li>Investig\u00f3 la m\u00fasica de tradici\u00f3n oral y folkl\u00f3rica posthisp\u00e1nica, proponiendo el t\u00e9rmino \u00abmesom\u00fasica\u00bb para la m\u00fasica popular.<\/li>\n\n\n\n<li>Estableci\u00f3 eficientes m\u00e9todos de producci\u00f3n y gesti\u00f3n documental en el INM.<\/li>\n\n\n\n<li>Su legado incluye la formaci\u00f3n de music\u00f3logos y su contribuci\u00f3n a la preservaci\u00f3n de la m\u00fasica tradicional en Argentina.<\/li>\n\n\n\n<li>Dej\u00f3 un valioso corpus documental con 544 registros sonoros y la documentaci\u00f3n de 22 instrumentos musicales.<\/li>\n\n\n\n<li>Su influencia se extendi\u00f3 como profesor de Folklore en la Universidad Cat\u00f3lica Argentina.<\/li>\n<\/ul>\n\n\n\n<p><\/p>\n\n\n\n<figure class=\"wp-block-image size-large\"><img decoding=\"async\" width=\"1024\" height=\"576\" src=\"https:\/\/pachakamani.com\/sonoridadesnarrativas\/wp-content\/uploads\/sites\/5\/2023\/12\/Carlos-Vega-sonnar-1-1024x576.jpg\" alt=\"\" class=\"wp-image-619\" srcset=\"https:\/\/pachakamani.com\/sonoridadesnarrativas\/wp-content\/uploads\/sites\/5\/2023\/12\/Carlos-Vega-sonnar-1-1024x576.jpg 1024w, https:\/\/pachakamani.com\/sonoridadesnarrativas\/wp-content\/uploads\/sites\/5\/2023\/12\/Carlos-Vega-sonnar-1-300x169.jpg 300w, https:\/\/pachakamani.com\/sonoridadesnarrativas\/wp-content\/uploads\/sites\/5\/2023\/12\/Carlos-Vega-sonnar-1-768x432.jpg 768w, https:\/\/pachakamani.com\/sonoridadesnarrativas\/wp-content\/uploads\/sites\/5\/2023\/12\/Carlos-Vega-sonnar-1-1536x864.jpg 1536w, https:\/\/pachakamani.com\/sonoridadesnarrativas\/wp-content\/uploads\/sites\/5\/2023\/12\/Carlos-Vega-sonnar-1-2048x1152.jpg 2048w, https:\/\/pachakamani.com\/sonoridadesnarrativas\/wp-content\/uploads\/sites\/5\/2023\/12\/Carlos-Vega-sonnar-1.jpg 1920w\" sizes=\"(max-width: 1024px) 100vw, 1024px\" \/><\/figure>\n\n\n\n<div class=\"wp-block-uagb-separator uagb-block-3fdada7d\"><div class=\"wp-block-uagb-separator__inner\" style=\"--my-background-image:\"><\/div><\/div>\n\n\n\n<h2 class=\"wp-block-heading\">Datos del evento<\/h2>\n\n\n\n<div class=\"wp-block-columns is-layout-flex wp-container-core-columns-is-layout-28f84493 wp-block-columns-is-layout-flex\">\n<div class=\"wp-block-column has-ast-global-color-5-background-color has-text-color has-background has-link-color wp-elements-96615a409d40d1bade902fe41da4a5a8 is-layout-flow wp-block-column-is-layout-flow\" style=\"color:#000000;padding-top:2em;padding-right:2em;padding-bottom:2em;padding-left:2em\">\n<p><strong>Fecha<\/strong>: Jueves 21 de diciembre, 2023<br><strong>Hora<\/strong>: 20:00 Bo (GMT-04)<br>Transmisi\u00f3n en vivo v\u00eda:<\/p>\n\n\n\n<ul class=\"wp-block-list\">\n<li><a href=\"https:\/\/www.youtube.com\/c\/PachaKamaniTV\" target=\"_blank\" rel=\"noreferrer noopener\">YouTube @PachaKamani<\/a><\/li>\n\n\n\n<li><a href=\"https:\/\/www.facebook.com\/pachakamani\" target=\"_blank\" rel=\"noreferrer noopener\">Facebook @PachaKamani <\/a><\/li>\n<\/ul>\n\n\n\n<p><\/p>\n<\/div>\n\n\n\n<div class=\"wp-block-column has-ast-global-color-4-background-color has-text-color has-background has-link-color wp-elements-c455e39ed9f6bffaece0b995a1895d2b is-layout-flow wp-block-column-is-layout-flow\" style=\"color:#000000;padding-top:2em;padding-right:2em;padding-bottom:2em;padding-left:2em\">\n<p class=\"has-normal-font-size\" style=\"line-height:1.5\">Recibe el <strong>enlace de este evento<\/strong> gratuito directamente en tu <strong>correo electr\u00f3nico<\/strong>.<\/p>\n\n\n\n<p>Tambi\u00e9n te anunciaremos de pr\u00f3ximos eventos virtuales y recibir\u00e1s el Bolet\u00edn con informaci\u00f3n adicional.<\/p>\n\n\n\n<div class=\"wp-block-buttons alignfull is-horizontal is-content-justification-center is-layout-flex wp-container-core-buttons-is-layout-03627597 wp-block-buttons-is-layout-flex\">\n<div class=\"wp-block-button has-custom-width wp-block-button__width-100 is-style-fill\"><a class=\"wp-block-button__link has-white-color has-ast-global-color-0-background-color has-text-color has-background wp-element-button\" href=\"https:\/\/pachakamani.com\/correo\/\" target=\"_blank\" rel=\"noreferrer noopener\"><strong>Suscr\u00edbete<\/strong><\/a><\/div>\n<\/div>\n<\/div>\n<\/div>\n\n\n\n<h2 class=\"wp-block-heading\">Panelistas Invitad@s<\/h2>\n\n\n\n<p>Contaremos con la participaci\u00f3n de dos personas muy destacadas en el medio. Cada una aportar\u00e1 su experiencia en este evento mediante las siguientes <strong>ponencias:<\/strong><\/p>\n\n\n\n<ul class=\"wp-block-list\">\n<li><em>Elina Adduci Spina:<\/em> \u00abPuesta en valor de los documentos vinculados a los viajes de campo realizados por Carlos Vega y equipo\u00bb. Un an\u00e1lisis profundo del proceso de preservaci\u00f3n documental en el Instituto Nacional de Musicolog\u00eda.<\/li>\n\n\n\n<li><em>Emiliano Meincke:<\/em> \u00abLos viajes del Instituto Nacional de Musicolog\u00eda \u201cCarlos Vega\u201d a Bolivia y Per\u00fa (1931-1966)\u00bb. Una narrativa detallada de los viajes de investigaci\u00f3n y estudio liderados por Carlos Vega.<\/li>\n<\/ul>\n\n\n\n<p><\/p>\n\n\n\n<h3 class=\"wp-block-heading\">Trayectoria de vida<\/h3>\n\n\n\n<p><strong>Elina Adduci Spina<\/strong> es una destacada investigadora y archivista audiovisual argentina, actualmente doctoranda en Historia y Teor\u00eda de las Artes en la Universidad de Buenos Aires (FFyL &#8211; UBA). Posee una licenciatura en Artes y diversas diplomaturas, incluyendo Preservaci\u00f3n del Patrimonio de Archivos Sonoros y Audiovisuales. Como becaria del CONICET, coordina proyectos de preservaci\u00f3n en el Instituto Nacional de Musicolog\u00eda \u00abCarlos Vega\u00bb. Adem\u00e1s, ha liderado iniciativas como el \u00abRelanzamiento del Archivo Prisma\u00bb y \u00abSonidos y Lenguas \u2013 Argentina\u00bb, evidenciando su experiencia en el \u00e1mbito del patrimonio audiovisual y sonoro. Su contribuci\u00f3n se extiende a la docencia y la publicaci\u00f3n acad\u00e9mica.<br>Contacto:&nbsp;<a href=\"mailto:veolamusica@gmail.com\">veolamusica@gmail.com<\/a>&nbsp;&#8211;&nbsp;<a href=\"https:\/\/uba.academia.edu\/ElinaAdduciSpina\" target=\"_blank\" rel=\"noopener noreferrer nofollow\">https:\/\/uba.academia.edu\/ElinaAdduciSpina<\/a><\/p>\n\n\n\n<p><strong>Emiliano \u00abPino\u00bb Meincke<\/strong>, reconocido archivista y m\u00fasico, cuenta con diplomaturas en Patrimonio Sonoro y Audiovisual, as\u00ed como en Archivos Musicales. Desarrolla su labor en el \u00e1mbito de Patrimonio Documental en la Asociaci\u00f3n Civil Memoria Abierta y lidera el Proyecto Sonidos y Lenguas del Ministerio de Cultura de la Naci\u00f3n. Adem\u00e1s, coordina el \u00e1rea de archivos en el proyecto de \u201cPuesta en valor de los documentos vinculados a los viajes de campo realizados por Carlos Vega y equipo (1931-1965)\u201d en el Instituto Nacional de Musicolog\u00eda \u201cCarlos Vega\u201d. Su experiencia como m\u00fasico incluye participaci\u00f3n en proyectos de investigaci\u00f3n e interpretaci\u00f3n, como De Tanto Lejos y GA-MA (Grupo Andino de M\u00fasica Aut\u00f3ctona).<br>Contacto:&nbsp;<a href=\"mailto:aquipino@gmail.com\">aquipino@gmail.com<\/a>&nbsp;&#8211; <a href=\"https:\/\/www.facebook.com\/emiliano.meincke\" target=\"_blank\" rel=\"noreferrer noopener\">Facebook<\/a><\/p>\n\n\n\n<h3 class=\"wp-block-heading\">Comentarios:<\/h3>\n\n\n\n<p><strong>Gloria Villarroel Salgueiro<\/strong><br>Antrop\u00f3loga en PachaKamani<br>Consultora en temas de genero, desarrollo econ\u00f3mico, investigaciones sobre textil andino, docente en investigaci\u00f3n antropol\u00f3gica e hist\u00f3rica; investigaci\u00f3n en patrimonio inmaterial.<\/p>\n\n\n\n<p><strong>Richard M\u00fajica Angulo<\/strong><br>Antrop\u00f3logo, investigador y m\u00fasico en PachaKamani<br>Investigador en antropolog\u00eda sonora-musical y patrimonio cultural inmaterial.<br>Gestor cultural, productor de podcast y m\u00fasico tradicional.<\/p>\n\n\n\n<h2 class=\"wp-block-heading\">\u00a1Te esperamos!<\/h2>\n\n\n\n<p>Este evento es una ventana para adentrarse en la riqueza sonora de Am\u00e9rica Latina. \u00a1<a href=\"https:\/\/pachakamani.com\/blog\/category\/boletin\/\" target=\"_blank\" rel=\"noopener noreferrer nofollow\">Reg\u00edstrate ahora<\/a> y \u00fanete a este viaje a trav\u00e9s del Cat\u00e1logo Digital del Instituto Nacional de Musicolog\u00eda \u201cCarlos Vega\u201d!<\/p>\n","protected":false},"excerpt":{"rendered":"excerpt","protected":false},"author":2,"featured_media":619,"comment_status":"open","ping_status":"open","sticky":false,"template":"","format":"standard","meta":{"site-sidebar-layout":"default","site-content-layout":"","ast-site-content-layout":"default","site-content-style":"default","site-sidebar-style":"default","ast-global-header-display":"","ast-banner-title-visibility":"","ast-main-header-display":"","ast-hfb-above-header-display":"","ast-hfb-below-header-display":"","ast-hfb-mobile-header-display":"","site-post-title":"disabled","ast-breadcrumbs-content":"","ast-featured-img":"disabled","footer-sml-layout":"","ast-disable-related-posts":"","theme-transparent-header-meta":"","adv-header-id-meta":"","stick-header-meta":"","header-above-stick-meta":"","header-main-stick-meta":"","header-below-stick-meta":"","astra-migrate-meta-layouts":"set","ast-page-background-enabled":"default","ast-page-background-meta":{"desktop":{"background-color":"","background-image":"","background-repeat":"repeat","background-position":"center center","background-size":"auto","background-attachment":"scroll","background-type":"","background-media":"","overlay-type":"","overlay-color":"","overlay-opacity":"","overlay-gradient":""},"tablet":{"background-color":"","background-image":"","background-repeat":"repeat","background-position":"center center","background-size":"auto","background-attachment":"scroll","background-type":"","background-media":"","overlay-type":"","overlay-color":"","overlay-opacity":"","overlay-gradient":""},"mobile":{"background-color":"","background-image":"","background-repeat":"repeat","background-position":"center center","background-size":"auto","background-attachment":"scroll","background-type":"","background-media":"","overlay-type":"","overlay-color":"","overlay-opacity":"","overlay-gradient":""}},"ast-content-background-meta":{"desktop":{"background-color":"var(--ast-global-color-5)","background-image":"","background-repeat":"repeat","background-position":"center center","background-size":"auto","background-attachment":"scroll","background-type":"","background-media":"","overlay-type":"","overlay-color":"","overlay-opacity":"","overlay-gradient":""},"tablet":{"background-color":"var(--ast-global-color-5)","background-image":"","background-repeat":"repeat","background-position":"center center","background-size":"auto","background-attachment":"scroll","background-type":"","background-media":"","overlay-type":"","overlay-color":"","overlay-opacity":"","overlay-gradient":""},"mobile":{"background-color":"var(--ast-global-color-5)","background-image":"","background-repeat":"repeat","background-position":"center center","background-size":"auto","background-attachment":"scroll","background-type":"","background-media":"","overlay-type":"","overlay-color":"","overlay-opacity":"","overlay-gradient":""}},"episode_type":"","audio_file":"","podmotor_file_id":"","podmotor_episode_id":"","cover_image":"","cover_image_id":"","duration":"","filesize":"","filesize_raw":"","date_recorded":"","explicit":"","block":"","slim_seo":{"facebook_image":"https:\/\/pachakamani.com\/wp-content\/uploads\/2023\/12\/Carlos-Vega-sonnar-1-1024x576.jpg","twitter_image":"https:\/\/pachakamani.com\/wp-content\/uploads\/2023\/12\/Carlos-Vega-sonnar-1-1024x576.jpg","title":"Cat\u00e1logo Digital del Instituto Nacional de Musicolog\u00eda \u201cCarlos Vega\u201d | Webinar - Sonoridades Narrativas","description":"Desde el&nbsp; Colectivo PachaKamani , nos complace presentar el pr\u00f3ximo evento virtual para cerrar el ciclo 2023 de&nbsp; charlas virtuales y webinar . Explora"},"footnotes":""},"categories":[41,69],"tags":[4],"class_list":["post-618","post","type-post","status-publish","format-standard","has-post-thumbnail","hentry","category-sonoridades","category-webinar","tag-paisaje-sonoro"],"_links":{"self":[{"href":"https:\/\/pachakamani.com\/sonoridadesnarrativas\/wp-json\/wp\/v2\/posts\/618","targetHints":{"allow":["GET"]}}],"collection":[{"href":"https:\/\/pachakamani.com\/sonoridadesnarrativas\/wp-json\/wp\/v2\/posts"}],"about":[{"href":"https:\/\/pachakamani.com\/sonoridadesnarrativas\/wp-json\/wp\/v2\/types\/post"}],"author":[{"embeddable":true,"href":"https:\/\/pachakamani.com\/sonoridadesnarrativas\/wp-json\/wp\/v2\/users\/2"}],"replies":[{"embeddable":true,"href":"https:\/\/pachakamani.com\/sonoridadesnarrativas\/wp-json\/wp\/v2\/comments?post=618"}],"version-history":[{"count":15,"href":"https:\/\/pachakamani.com\/sonoridadesnarrativas\/wp-json\/wp\/v2\/posts\/618\/revisions"}],"predecessor-version":[{"id":634,"href":"https:\/\/pachakamani.com\/sonoridadesnarrativas\/wp-json\/wp\/v2\/posts\/618\/revisions\/634"}],"wp:featuredmedia":[{"embeddable":true,"href":"https:\/\/pachakamani.com\/sonoridadesnarrativas\/wp-json\/wp\/v2\/media\/619"}],"wp:attachment":[{"href":"https:\/\/pachakamani.com\/sonoridadesnarrativas\/wp-json\/wp\/v2\/media?parent=618"}],"wp:term":[{"taxonomy":"category","embeddable":true,"href":"https:\/\/pachakamani.com\/sonoridadesnarrativas\/wp-json\/wp\/v2\/categories?post=618"},{"taxonomy":"post_tag","embeddable":true,"href":"https:\/\/pachakamani.com\/sonoridadesnarrativas\/wp-json\/wp\/v2\/tags?post=618"}],"curies":[{"name":"wp","href":"https:\/\/api.w.org\/{rel}","templated":true}]}}