{"id":600,"date":"2023-07-20T04:25:42","date_gmt":"2023-07-20T08:25:42","guid":{"rendered":"https:\/\/pachakamani.com\/sonoridadesnarrativas\/?p=600"},"modified":"2023-07-20T04:30:49","modified_gmt":"2023-07-20T08:30:49","slug":"dia-mundial-escucha-activa-relaciones-intra-interpersonales","status":"publish","type":"post","link":"https:\/\/pachakamani.com\/sonoridadesnarrativas\/dia-mundial-escucha-activa-relaciones-intra-interpersonales\/","title":{"rendered":"Escucha activa. Reactivar las relaciones intra e interpersonales"},"content":{"rendered":"\n<div class=\"wp-block-cover alignfull\" style=\"min-height:464px;aspect-ratio:unset;\"><span aria-hidden=\"true\" class=\"wp-block-cover__background has-background-dim-30 has-background-dim\"><\/span><img fetchpriority=\"high\" decoding=\"async\" width=\"1920\" height=\"1080\" class=\"wp-block-cover__image-background wp-image-602\" alt=\"\" src=\"https:\/\/pachakamani.com\/sonoridadesnarrativas\/wp-content\/uploads\/sites\/5\/2023\/07\/SonNar-dia-escucha-2.jpg\" style=\"object-position:50% 16%\" data-object-fit=\"cover\" data-object-position=\"50% 16%\" srcset=\"https:\/\/pachakamani.com\/sonoridadesnarrativas\/wp-content\/uploads\/sites\/5\/2023\/07\/SonNar-dia-escucha-2.jpg 1920w, https:\/\/pachakamani.com\/sonoridadesnarrativas\/wp-content\/uploads\/sites\/5\/2023\/07\/SonNar-dia-escucha-2-300x169.jpg 300w, https:\/\/pachakamani.com\/sonoridadesnarrativas\/wp-content\/uploads\/sites\/5\/2023\/07\/SonNar-dia-escucha-2-1024x576.jpg 1024w, https:\/\/pachakamani.com\/sonoridadesnarrativas\/wp-content\/uploads\/sites\/5\/2023\/07\/SonNar-dia-escucha-2-768x432.jpg 768w, https:\/\/pachakamani.com\/sonoridadesnarrativas\/wp-content\/uploads\/sites\/5\/2023\/07\/SonNar-dia-escucha-2-1536x864.jpg 1536w, https:\/\/pachakamani.com\/sonoridadesnarrativas\/wp-content\/uploads\/sites\/5\/2023\/07\/SonNar-dia-escucha-2-2048x1152.jpg 2048w\" sizes=\"(max-width: 1920px) 100vw, 1920px\" \/><div class=\"wp-block-cover__inner-container is-layout-flow wp-block-cover-is-layout-flow\">\n<p class=\"has-text-align-center has-large-font-size\"><\/p>\n<\/div><\/div>\n\n\n\n<h1 class=\"wp-block-heading\">Escucha activa. Reactivar las relaciones intra e interpersonales<\/h1>\n\n\n\n<blockquote class=\"wp-block-quote is-layout-flow wp-block-quote-is-layout-flow\">\n<p>La <strong>escucha activa<\/strong> es una habilidad esencial para cualquier persona que quiera tener relaciones sanas y enriquecedoras. Es la capacidad de prestar atenci\u00f3n plena y concentrada a lo que alguien est\u00e1 diciendo, sin juzgar ni interrumpir. Esto significa escuchar con el coraz\u00f3n, adem\u00e1s de con los o\u00eddos. \u00abD\u00eda mundial de la Escucha\u00bb<\/p>\n<cite>Por: Richard M\u00fajica A.<\/cite><\/blockquote>\n\n\n\n<h2 class=\"wp-block-heading\">El papel de la escucha activa en las relaciones<\/h2>\n\n\n\n<p>La escucha activa implica prestar atenci\u00f3n plena y concentrada a los sonidos y palabras que nos llegan, mostrando empat\u00eda y comprensi\u00f3n para captar el mensaje subyacente detr\u00e1s de las palabras. Al practicarla, entendemos mejor lo que nos est\u00e1n comunicando y demostramos respeto y consideraci\u00f3n hacia los dem\u00e1s, lo que fortalece nuestras relaciones sociales y crea v\u00ednculos m\u00e1s significativos.<\/p>\n\n\n\n<p>El D\u00eda Mundial de la Escucha resalta la importancia de la escucha activa, promoviendo la empat\u00eda, comprensi\u00f3n y resoluci\u00f3n efectiva de problemas. Adem\u00e1s, subraya su papel fundamental en el \u00e9xito de las relaciones interpersonales, donde al escuchar de manera activa, mostramos respeto y consideraci\u00f3n, fortaleciendo la confianza y creando un ambiente de apoyo mutuo.<\/p>\n\n\n\n<p>En el entorno laboral, la escucha activa desempe\u00f1a un papel esencial, fomentando un ambiente de trabajo colaborativo y productivo. L\u00edderes y compa\u00f1eros que practican esta habilidad mejoran la toma de decisiones, el trabajo en equipo y el bienestar de los empleados.<\/p>\n\n\n\n<p>En el \u00e1mbito educativo, la escucha activa es clave para promover un aprendizaje significativo y brindar apoyo emocional a los estudiantes. Los docentes que escuchan a sus alumnos fomentan la participaci\u00f3n activa en el aula y ayudan a los estudiantes a sentirse valorados y comprendidos.<\/p>\n\n\n\n<p>El D\u00eda Mundial de la Escucha tambi\u00e9n nos invita a reflexionar sobre nuestras habilidades de escucha y c\u00f3mo mejorarlas. Practicarla a diario, comprendiendo las perspectivas de los dem\u00e1s, nos beneficia tanto a nivel personal como en nuestras relaciones con los dem\u00e1s. Esta fecha es una oportunidad para ser conscientes del papel del sonido en nuestra vida diaria y c\u00f3mo afecta nuestra salud y bienestar. Al practicar la escucha activa y emp\u00e1tica, fortalecemos nuestras relaciones y construimos un mundo m\u00e1s comprensivo y conectado, promoviendo un entorno armonioso y saludable para todos.<\/p>\n\n\n\n<figure class=\"wp-block-image size-full\"><img decoding=\"async\" width=\"768\" height=\"381\" src=\"https:\/\/pachakamani.com\/sonoridadesnarrativas\/wp-content\/uploads\/sites\/5\/2023\/07\/escuchando-en-el-bosque.png\" alt=\"\" class=\"wp-image-609\" srcset=\"https:\/\/pachakamani.com\/sonoridadesnarrativas\/wp-content\/uploads\/sites\/5\/2023\/07\/escuchando-en-el-bosque.png 768w, https:\/\/pachakamani.com\/sonoridadesnarrativas\/wp-content\/uploads\/sites\/5\/2023\/07\/escuchando-en-el-bosque-300x149.png 300w\" sizes=\"(max-width: 768px) 100vw, 768px\" \/><\/figure>\n\n\n\n<h2 class=\"wp-block-heading\">Escucha y bienestar personal<\/h2>\n\n\n\n<p>Vivimos en una sociedad ruidosa y acelerada, lo que puede tener un impacto negativo en nuestra salud mental. La sobrecarga de informaci\u00f3n y los constantes est\u00edmulos visuales y auditivos pueden generar ansiedad y estr\u00e9s. Sin embargo, dedicar tiempo para practicar la escucha consciente puede ayudarnos a encontrar momentos de calma y serenidad.<\/p>\n\n\n\n<p>Al desconectar de los ruidos externos y enfocarnos en los sonidos del momento presente, cultivamos la atenci\u00f3n plena y reducimos la ansiedad. La escucha atenta tambi\u00e9n puede mejorar nuestra concentraci\u00f3n y habilidades de comunicaci\u00f3n, lo que contribuye a una mayor satisfacci\u00f3n en nuestras interacciones sociales y laborales.<\/p>\n\n\n\n<p>Adem\u00e1s de los beneficios para nuestro bienestar mental, la contaminaci\u00f3n ac\u00fastica y la exposici\u00f3n continua a ruidos fuertes pueden tener efectos perjudiciales en nuestro bienestar f\u00edsico y emocional. El estr\u00e9s y la ansiedad pueden aumentar debido al ruido constante, lo que afecta el sistema fisiol\u00f3gico y los niveles de cortisol en el cuerpo. Asimismo, estudios han demostrado que los problemas cardiovasculares tambi\u00e9n pueden ser consecuencia de estar expuesto a ruido excesivo.<\/p>\n\n\n\n<p>Esta forma de escucha tambi\u00e9n se proyecta a uno mismo, en sentido de la auto-reflexi\u00f3n y mejora personal. Podemos reflexionar sobre nuestras habilidades de escucha, practicarla a diario, prestando atenci\u00f3n a nuestras interacciones y esforz\u00e1ndonos por comprender las perspectivas de los dem\u00e1s. Estas pr\u00e1cticas no solo nos benefician a nivel personal, sino que tambi\u00e9n enriquecen nuestras relaciones con los dem\u00e1s, creando un entorno m\u00e1s comprensivo y conectado. La escucha consciente nos invita a valorar los sonidos que nos rodean y a ser m\u00e1s conscientes de c\u00f3mo afectan nuestro bienestar intrapersonal y nuestras interacciones con el mundo que nos rodea.<\/p>\n\n\n\n<h3 class=\"wp-block-heading\">La escucha una habilidad<\/h3>\n\n\n\n<p>La escucha activa es una habilidad esencial para cualquier persona que quiera tener relaciones sanas y duraderas. Es una habilidad que puede aprenderse y mejorarse con la pr\u00e1ctica. Si quieres fortalecer tus relaciones y mejorar tu bienestar personal, te animo a que practiques la escucha activa.<\/p>\n\n\n\n<p><strong>Algunos consejos para mejorar tu escucha activa<\/strong><\/p>\n\n\n\n<ul class=\"wp-block-list\">\n<li>Haz contacto visual con la persona que est\u00e1 hablando.<\/li>\n\n\n\n<li>Evita distracciones, como el tel\u00e9fono o el ordenador.<\/li>\n\n\n\n<li>Haz preguntas para aclarar lo que no entiendas.<\/li>\n\n\n\n<li>Refleja lo que ha dicho la persona para asegurarte de que la has entendido correctamente.<\/li>\n\n\n\n<li>Ofrece tu apoyo y comprensi\u00f3n.<\/li>\n<\/ul>\n\n\n\n<p>La escucha activa es una habilidad que puede llevar tiempo desarrollar, pero es una habilidad que vale la pena. Cuando escuchamos activamente a los dem\u00e1s, construimos relaciones m\u00e1s fuertes, aprendemos y crecemos como personas, y reducimos el estr\u00e9s y la ansiedad.<\/p>\n\n\n\n<h3 class=\"wp-block-heading\">Referencias<\/h3>\n\n\n\n<figure class=\"wp-block-embed is-type-wp-embed is-provider-aragon-digital wp-block-embed-aragon-digital\"><div class=\"wp-block-embed__wrapper\">\nhttps:\/\/aragondigital.es\/sociedad\/2023\/07\/18\/fortalece-la-comunicacion-con-tu-entorno-en-el-dia-mundial-de-la-escucha\/\n<\/div><\/figure>\n","protected":false},"excerpt":{"rendered":"excerpt","protected":false},"author":4,"featured_media":602,"comment_status":"open","ping_status":"open","sticky":false,"template":"","format":"standard","meta":{"site-sidebar-layout":"default","site-content-layout":"","ast-site-content-layout":"default","site-content-style":"default","site-sidebar-style":"default","ast-global-header-display":"","ast-banner-title-visibility":"","ast-main-header-display":"","ast-hfb-above-header-display":"","ast-hfb-below-header-display":"","ast-hfb-mobile-header-display":"","site-post-title":"disabled","ast-breadcrumbs-content":"","ast-featured-img":"disabled","footer-sml-layout":"","ast-disable-related-posts":"","theme-transparent-header-meta":"","adv-header-id-meta":"","stick-header-meta":"","header-above-stick-meta":"","header-main-stick-meta":"","header-below-stick-meta":"","astra-migrate-meta-layouts":"default","ast-page-background-enabled":"default","ast-page-background-meta":{"desktop":{"background-color":"","background-image":"","background-repeat":"repeat","background-position":"center center","background-size":"auto","background-attachment":"scroll","background-type":"","background-media":"","overlay-type":"","overlay-color":"","overlay-opacity":"","overlay-gradient":""},"tablet":{"background-color":"","background-image":"","background-repeat":"repeat","background-position":"center center","background-size":"auto","background-attachment":"scroll","background-type":"","background-media":"","overlay-type":"","overlay-color":"","overlay-opacity":"","overlay-gradient":""},"mobile":{"background-color":"","background-image":"","background-repeat":"repeat","background-position":"center center","background-size":"auto","background-attachment":"scroll","background-type":"","background-media":"","overlay-type":"","overlay-color":"","overlay-opacity":"","overlay-gradient":""}},"ast-content-background-meta":{"desktop":{"background-color":"var(--ast-global-color-5)","background-image":"","background-repeat":"repeat","background-position":"center center","background-size":"auto","background-attachment":"scroll","background-type":"","background-media":"","overlay-type":"","overlay-color":"","overlay-opacity":"","overlay-gradient":""},"tablet":{"background-color":"var(--ast-global-color-5)","background-image":"","background-repeat":"repeat","background-position":"center center","background-size":"auto","background-attachment":"scroll","background-type":"","background-media":"","overlay-type":"","overlay-color":"","overlay-opacity":"","overlay-gradient":""},"mobile":{"background-color":"var(--ast-global-color-5)","background-image":"","background-repeat":"repeat","background-position":"center center","background-size":"auto","background-attachment":"scroll","background-type":"","background-media":"","overlay-type":"","overlay-color":"","overlay-opacity":"","overlay-gradient":""}},"episode_type":"","audio_file":"","podmotor_file_id":"","podmotor_episode_id":"","cover_image":"","cover_image_id":"","duration":"","filesize":"","filesize_raw":"","date_recorded":"","explicit":"","block":"","slim_seo":{"description":"La escucha activa es una habilidad esencial para cualquier persona que quiera tener relaciones sanas y enriquecedoras. Es la capacidad de prestar atenci\u00f3n plena y concentrada a lo que alguien est\u00e1 diciendo, sin juzgar ni interrumpir. Esto significa escuchar con el coraz\u00f3n, adem\u00e1s de con los o\u00eddos. \"D\u00eda mundial de la Escucha\"","title":"Escucha activa. Reactivar las relaciones intra e interpersonales - Sonoridades Narrativas"},"footnotes":""},"categories":[42],"tags":[66,67],"class_list":["post-600","post","type-post","status-publish","format-standard","has-post-thumbnail","hentry","category-articulo","tag-dia-mundial-escucha","tag-escucha-activa"],"_links":{"self":[{"href":"https:\/\/pachakamani.com\/sonoridadesnarrativas\/wp-json\/wp\/v2\/posts\/600","targetHints":{"allow":["GET"]}}],"collection":[{"href":"https:\/\/pachakamani.com\/sonoridadesnarrativas\/wp-json\/wp\/v2\/posts"}],"about":[{"href":"https:\/\/pachakamani.com\/sonoridadesnarrativas\/wp-json\/wp\/v2\/types\/post"}],"author":[{"embeddable":true,"href":"https:\/\/pachakamani.com\/sonoridadesnarrativas\/wp-json\/wp\/v2\/users\/4"}],"replies":[{"embeddable":true,"href":"https:\/\/pachakamani.com\/sonoridadesnarrativas\/wp-json\/wp\/v2\/comments?post=600"}],"version-history":[{"count":6,"href":"https:\/\/pachakamani.com\/sonoridadesnarrativas\/wp-json\/wp\/v2\/posts\/600\/revisions"}],"predecessor-version":[{"id":612,"href":"https:\/\/pachakamani.com\/sonoridadesnarrativas\/wp-json\/wp\/v2\/posts\/600\/revisions\/612"}],"wp:featuredmedia":[{"embeddable":true,"href":"https:\/\/pachakamani.com\/sonoridadesnarrativas\/wp-json\/wp\/v2\/media\/602"}],"wp:attachment":[{"href":"https:\/\/pachakamani.com\/sonoridadesnarrativas\/wp-json\/wp\/v2\/media?parent=600"}],"wp:term":[{"taxonomy":"category","embeddable":true,"href":"https:\/\/pachakamani.com\/sonoridadesnarrativas\/wp-json\/wp\/v2\/categories?post=600"},{"taxonomy":"post_tag","embeddable":true,"href":"https:\/\/pachakamani.com\/sonoridadesnarrativas\/wp-json\/wp\/v2\/tags?post=600"}],"curies":[{"name":"wp","href":"https:\/\/api.w.org\/{rel}","templated":true}]}}