{"id":946,"date":"2023-09-18T12:21:37","date_gmt":"2023-09-18T16:21:37","guid":{"rendered":"https:\/\/pachakamani.com\/podcast\/?p=946"},"modified":"2023-09-18T12:39:17","modified_gmt":"2023-09-18T16:39:17","slug":"apuntes-cierre-2do-encuentro-patrimonializacion-musicas-y-sonoridades-ep-16","status":"publish","type":"post","link":"https:\/\/pachakamani.com\/podcast\/apuntes-cierre-2do-encuentro-patrimonializacion-musicas-y-sonoridades-ep-16\/","title":{"rendered":"Apuntes de cierre al 2do Encuentro patrimonializaci\u00f3n m\u00fasicas y sonoridades | Ep 16"},"content":{"rendered":"\n<iframe src=\"https:\/\/embed.acast.com\/5ec1a7390565f024568322ca\/65085f5c6e095f001197ea03\" frameBorder=\"0\" width=\"100%\" height=\"110px\"><\/iframe>\n\n\n\n<p>En el episodio n\u00famero 16, te compartimos las conclusiones de un evento que tuvo lugar hace tres semanas. Este evento, denominado el \u00ab<strong><a href=\"https:\/\/pachakamani.com\/podcast\/invitacion-2do-encuentro-reflexiones-sobre-patrimonializacion-de-musicas-y-sonoridades-ep-15\/\">Segundo encuentro: Reflexiones sobre la patrimonializaci\u00f3n de m\u00fasicas y sonoridades<\/a><\/strong>\u00ab, se llev\u00f3 a cabo de manera presencial en La Paz, Bolivia, y cont\u00f3 con la participaci\u00f3n de destacados expositores de diferentes partes del mundo, como Ada Alvarez, Edson Choque Ticona, Henry Stobart, Michelle Begenho, Rodrigo Chocano, Rosal\u00eda Mart\u00ednez, Gloria Villarroel y Richard M\u00fajica.<\/p>\n\n\n\n<p>Durante el evento, se abordaron temas importantes, como la comprensi\u00f3n del patrimonio desde la perspectiva del Estado y la comunidad, la interseccionalidad en el patrimonio cultural, el desplazamiento de actores locales en la gesti\u00f3n del patrimonio, y la participaci\u00f3n comunitaria en la toma de decisiones sobre el patrimonio.<\/p>\n\n\n\n<p>Se discuti\u00f3 la importancia de la autenticidad y c\u00f3mo el patrimonio cultural puede influir en la valorizaci\u00f3n de ciertas expresiones culturales. Tambi\u00e9n se reflexion\u00f3 sobre la relaci\u00f3n entre el patrimonio y la comunidad, y se plantearon 2 preguntas fundamentales: \u00bftodo es patrimonio? \u00bfPara qui\u00e9n se patrimonializa?<\/p>\n\n\n\n<p>Este episodio ofrece una visi\u00f3n profunda y enriquecedora de los procesos de patrimonializaci\u00f3n cultural y c\u00f3mo afectan a las comunidades locales. Te invitamos a unirte a nosotros en esta reflexi\u00f3n continua sobre el patrimonio cultural y su significado en nuestras vidas.<\/p>\n\n\n\n<p><strong><a href=\"https:\/\/pachakamani.com\/podcast\/\">PachaKamani Radio<\/a><\/strong> es un espacio donde la diversidad y la reflexi\u00f3n cultural se encuentran, y estamos emocionados de seguir explorando estos temas juntos. Puedes escucharnos en diferentes plataformas, incluyendo <a href=\"https:\/\/open.spotify.com\/show\/5EYAytfG02uMslHga1qHHv\" target=\"_blank\" rel=\"noopener noreferrer nofollow\">Spotify<\/a>, <a href=\"https:\/\/podcasts.google.com\/?feed=aHR0cHM6Ly9mZWVkcy5hY2FzdC5jb20vcHVibGljL3Nob3dzL3BhY2hha2FtYW5p&amp;ved=0CAIQ4aUDahcKEwjAz-id29DpAhUAAAAAHQAAAAAQBA\" target=\"_blank\" rel=\"noopener noreferrer nofollow\">Google Podcasts<\/a> y YouTube. \u00a1Gracias por acompa\u00f1arnos en este viaje de conocimiento y descubrimiento!<\/p>\n\n\n\n<p>Suscr\u00edbete a nuestro <a href=\"https:\/\/pachakamani.com\/correo\/\" target=\"_blank\" rel=\"noopener noreferrer nofollow\">Bolet\u00edn ingresando a pachakamani.com\/correo<\/a>. Y a nuestra redes sociales. As\u00ed estar\u00e1s al tanto de cada publicaci\u00f3n.<\/p>\n","protected":false},"excerpt":{"rendered":"<p>En el episodio n\u00famero 16, te compartimos las conclusiones de un evento que tuvo lugar hace tres semanas. Este evento, denominado el \u00abSegundo encuentro: Reflexiones sobre la patrimonializaci\u00f3n de m\u00fasicas y sonoridades\u00ab, se llev\u00f3 a cabo de manera presencial en La Paz, Bolivia, y cont\u00f3 con la participaci\u00f3n de destacados expositores de diferentes partes del [&hellip;]<\/p>\n","protected":false},"author":2,"featured_media":947,"comment_status":"open","ping_status":"open","sticky":false,"template":"","format":"standard","meta":{"site-sidebar-layout":"default","site-content-layout":"","ast-site-content-layout":"default","site-content-style":"default","site-sidebar-style":"default","ast-global-header-display":"","ast-banner-title-visibility":"","ast-main-header-display":"","ast-hfb-above-header-display":"","ast-hfb-below-header-display":"","ast-hfb-mobile-header-display":"","site-post-title":"","ast-breadcrumbs-content":"","ast-featured-img":"","footer-sml-layout":"","ast-disable-related-posts":"","theme-transparent-header-meta":"","adv-header-id-meta":"","stick-header-meta":"","header-above-stick-meta":"","header-main-stick-meta":"","header-below-stick-meta":"","astra-migrate-meta-layouts":"set","ast-page-background-enabled":"default","ast-page-background-meta":{"desktop":{"background-color":"","background-image":"","background-repeat":"repeat","background-position":"center center","background-size":"auto","background-attachment":"scroll","background-type":"","background-media":"","overlay-type":"","overlay-color":"","overlay-opacity":"","overlay-gradient":""},"tablet":{"background-color":"","background-image":"","background-repeat":"repeat","background-position":"center center","background-size":"auto","background-attachment":"scroll","background-type":"","background-media":"","overlay-type":"","overlay-color":"","overlay-opacity":"","overlay-gradient":""},"mobile":{"background-color":"","background-image":"","background-repeat":"repeat","background-position":"center center","background-size":"auto","background-attachment":"scroll","background-type":"","background-media":"","overlay-type":"","overlay-color":"","overlay-opacity":"","overlay-gradient":""}},"ast-content-background-meta":{"desktop":{"background-color":"var(--ast-global-color-5)","background-image":"","background-repeat":"repeat","background-position":"center center","background-size":"auto","background-attachment":"scroll","background-type":"","background-media":"","overlay-type":"","overlay-color":"","overlay-opacity":"","overlay-gradient":""},"tablet":{"background-color":"var(--ast-global-color-5)","background-image":"","background-repeat":"repeat","background-position":"center center","background-size":"auto","background-attachment":"scroll","background-type":"","background-media":"","overlay-type":"","overlay-color":"","overlay-opacity":"","overlay-gradient":""},"mobile":{"background-color":"var(--ast-global-color-5)","background-image":"","background-repeat":"repeat","background-position":"center center","background-size":"auto","background-attachment":"scroll","background-type":"","background-media":"","overlay-type":"","overlay-color":"","overlay-opacity":"","overlay-gradient":""}},"footnotes":""},"categories":[11],"tags":[79],"class_list":["post-946","post","type-post","status-publish","format-standard","has-post-thumbnail","hentry","category-varios","tag-evento-academico"],"yoast_head":"<!-- This site is optimized with the Yoast SEO plugin v27.5 - https:\/\/yoast.com\/product\/yoast-seo-wordpress\/ -->\n<title>Apuntes de cierre al 2do Encuentro patrimonializaci\u00f3n m\u00fasicas y sonoridades | Ep 16 - PachaKamani-Radio<\/title>\n<meta name=\"description\" content=\"En el episodio n\u00famero 16, te compartimos las conclusiones de un evento que tuvo lugar hace tres semanas. Este evento, denominado el &quot;Segundo encuentro:\" \/>\n<meta name=\"robots\" content=\"index, follow, max-snippet:-1, max-image-preview:large, max-video-preview:-1\" \/>\n<link rel=\"canonical\" href=\"https:\/\/pachakamani.com\/podcast\/apuntes-cierre-2do-encuentro-patrimonializacion-musicas-y-sonoridades-ep-16\/\" \/>\n<meta property=\"og:locale\" content=\"es_ES\" \/>\n<meta property=\"og:type\" content=\"article\" \/>\n<meta property=\"og:title\" content=\"Apuntes de cierre al 2do Encuentro patrimonializaci\u00f3n m\u00fasicas y sonoridades | Ep 16 - PachaKamani-Radio\" \/>\n<meta property=\"og:description\" content=\"En el episodio n\u00famero 16, te compartimos las conclusiones de un evento que tuvo lugar hace tres semanas. Este evento, denominado el &quot;Segundo encuentro:\" \/>\n<meta property=\"og:url\" content=\"https:\/\/pachakamani.com\/podcast\/apuntes-cierre-2do-encuentro-patrimonializacion-musicas-y-sonoridades-ep-16\/\" \/>\n<meta property=\"og:site_name\" content=\"PachaKamani-Radio\" \/>\n<meta property=\"article:published_time\" content=\"2023-09-18T16:21:37+00:00\" \/>\n<meta property=\"article:modified_time\" content=\"2023-09-18T16:39:17+00:00\" \/>\n<meta property=\"og:image\" content=\"https:\/\/pachakamani.com\/podcast\/wp-content\/uploads\/sites\/3\/2023\/09\/16-Apuntes-Cierre-patrimonio-musicas.jpg\" \/>\n\t<meta property=\"og:image:width\" content=\"1080\" \/>\n\t<meta property=\"og:image:height\" content=\"1080\" \/>\n\t<meta property=\"og:image:type\" content=\"image\/jpeg\" \/>\n<meta name=\"author\" content=\"Comunidad\" \/>\n<meta name=\"twitter:card\" content=\"summary_large_image\" \/>\n<meta name=\"twitter:image\" content=\"https:\/\/pachakamani.com\/podcast\/wp-content\/uploads\/sites\/3\/2023\/09\/16-Apuntes-Cierre-patrimonio-musicas.jpg\" \/>\n<meta name=\"twitter:label1\" content=\"Escrito por\" \/>\n\t<meta name=\"twitter:data1\" content=\"Comunidad\" \/>\n\t<meta name=\"twitter:label2\" content=\"Tiempo de lectura\" \/>\n\t<meta name=\"twitter:data2\" content=\"2 minutos\" \/>\n<script type=\"application\/ld+json\" class=\"yoast-schema-graph\">{\"@context\":\"https:\\\/\\\/schema.org\",\"@graph\":[{\"@type\":\"Article\",\"@id\":\"https:\\\/\\\/pachakamani.com\\\/podcast\\\/apuntes-cierre-2do-encuentro-patrimonializacion-musicas-y-sonoridades-ep-16\\\/#article\",\"isPartOf\":{\"@id\":\"https:\\\/\\\/pachakamani.com\\\/podcast\\\/apuntes-cierre-2do-encuentro-patrimonializacion-musicas-y-sonoridades-ep-16\\\/\"},\"author\":{\"name\":\"Comunidad\",\"@id\":\"https:\\\/\\\/pachakamani.com\\\/podcast\\\/#\\\/schema\\\/person\\\/7871fc62b8c52d2ac335b123eeb73b49\"},\"headline\":\"Apuntes de cierre al 2do Encuentro patrimonializaci\u00f3n m\u00fasicas y sonoridades | Ep 16\",\"datePublished\":\"2023-09-18T16:21:37+00:00\",\"dateModified\":\"2023-09-18T16:39:17+00:00\",\"mainEntityOfPage\":{\"@id\":\"https:\\\/\\\/pachakamani.com\\\/podcast\\\/apuntes-cierre-2do-encuentro-patrimonializacion-musicas-y-sonoridades-ep-16\\\/\"},\"wordCount\":311,\"commentCount\":2,\"publisher\":{\"@id\":\"https:\\\/\\\/pachakamani.com\\\/podcast\\\/#organization\"},\"image\":{\"@id\":\"https:\\\/\\\/pachakamani.com\\\/podcast\\\/apuntes-cierre-2do-encuentro-patrimonializacion-musicas-y-sonoridades-ep-16\\\/#primaryimage\"},\"thumbnailUrl\":\"https:\\\/\\\/pachakamani.com\\\/podcast\\\/wp-content\\\/uploads\\\/sites\\\/3\\\/2023\\\/09\\\/16-Apuntes-Cierre-patrimonio-musicas.jpg\",\"keywords\":[\"Evento acad\u00e9mico\"],\"articleSection\":[\"Varios\"],\"inLanguage\":\"es\",\"potentialAction\":[{\"@type\":\"CommentAction\",\"name\":\"Comment\",\"target\":[\"https:\\\/\\\/pachakamani.com\\\/podcast\\\/apuntes-cierre-2do-encuentro-patrimonializacion-musicas-y-sonoridades-ep-16\\\/#respond\"]}]},{\"@type\":\"WebPage\",\"@id\":\"https:\\\/\\\/pachakamani.com\\\/podcast\\\/apuntes-cierre-2do-encuentro-patrimonializacion-musicas-y-sonoridades-ep-16\\\/\",\"url\":\"https:\\\/\\\/pachakamani.com\\\/podcast\\\/apuntes-cierre-2do-encuentro-patrimonializacion-musicas-y-sonoridades-ep-16\\\/\",\"name\":\"Apuntes de cierre al 2do Encuentro patrimonializaci\u00f3n m\u00fasicas y sonoridades | Ep 16 - PachaKamani-Radio\",\"isPartOf\":{\"@id\":\"https:\\\/\\\/pachakamani.com\\\/podcast\\\/#website\"},\"primaryImageOfPage\":{\"@id\":\"https:\\\/\\\/pachakamani.com\\\/podcast\\\/apuntes-cierre-2do-encuentro-patrimonializacion-musicas-y-sonoridades-ep-16\\\/#primaryimage\"},\"image\":{\"@id\":\"https:\\\/\\\/pachakamani.com\\\/podcast\\\/apuntes-cierre-2do-encuentro-patrimonializacion-musicas-y-sonoridades-ep-16\\\/#primaryimage\"},\"thumbnailUrl\":\"https:\\\/\\\/pachakamani.com\\\/podcast\\\/wp-content\\\/uploads\\\/sites\\\/3\\\/2023\\\/09\\\/16-Apuntes-Cierre-patrimonio-musicas.jpg\",\"datePublished\":\"2023-09-18T16:21:37+00:00\",\"dateModified\":\"2023-09-18T16:39:17+00:00\",\"description\":\"En el episodio n\u00famero 16, te compartimos las conclusiones de un evento que tuvo lugar hace tres semanas. Este evento, denominado el \\\"Segundo encuentro:\",\"breadcrumb\":{\"@id\":\"https:\\\/\\\/pachakamani.com\\\/podcast\\\/apuntes-cierre-2do-encuentro-patrimonializacion-musicas-y-sonoridades-ep-16\\\/#breadcrumb\"},\"inLanguage\":\"es\",\"potentialAction\":[{\"@type\":\"ReadAction\",\"target\":[\"https:\\\/\\\/pachakamani.com\\\/podcast\\\/apuntes-cierre-2do-encuentro-patrimonializacion-musicas-y-sonoridades-ep-16\\\/\"]}]},{\"@type\":\"ImageObject\",\"inLanguage\":\"es\",\"@id\":\"https:\\\/\\\/pachakamani.com\\\/podcast\\\/apuntes-cierre-2do-encuentro-patrimonializacion-musicas-y-sonoridades-ep-16\\\/#primaryimage\",\"url\":\"https:\\\/\\\/pachakamani.com\\\/podcast\\\/wp-content\\\/uploads\\\/sites\\\/3\\\/2023\\\/09\\\/16-Apuntes-Cierre-patrimonio-musicas.jpg\",\"contentUrl\":\"https:\\\/\\\/pachakamani.com\\\/podcast\\\/wp-content\\\/uploads\\\/sites\\\/3\\\/2023\\\/09\\\/16-Apuntes-Cierre-patrimonio-musicas.jpg\",\"width\":1080,\"height\":1080,\"caption\":\"2do encuentro Patrimonializaci\u00f3n de m\u00fasicas y sonoridades\"},{\"@type\":\"BreadcrumbList\",\"@id\":\"https:\\\/\\\/pachakamani.com\\\/podcast\\\/apuntes-cierre-2do-encuentro-patrimonializacion-musicas-y-sonoridades-ep-16\\\/#breadcrumb\",\"itemListElement\":[{\"@type\":\"ListItem\",\"position\":1,\"name\":\"Portada\",\"item\":\"https:\\\/\\\/pachakamani.com\\\/podcast\\\/\"},{\"@type\":\"ListItem\",\"position\":2,\"name\":\"Apuntes de cierre al 2do Encuentro patrimonializaci\u00f3n m\u00fasicas y sonoridades | Ep 16\"}]},{\"@type\":\"WebSite\",\"@id\":\"https:\\\/\\\/pachakamani.com\\\/podcast\\\/#website\",\"url\":\"https:\\\/\\\/pachakamani.com\\\/podcast\\\/\",\"name\":\"PachaKamani-Radio\",\"description\":\"El podcast de PachaKamani\",\"publisher\":{\"@id\":\"https:\\\/\\\/pachakamani.com\\\/podcast\\\/#organization\"},\"potentialAction\":[{\"@type\":\"SearchAction\",\"target\":{\"@type\":\"EntryPoint\",\"urlTemplate\":\"https:\\\/\\\/pachakamani.com\\\/podcast\\\/?s={search_term_string}\"},\"query-input\":{\"@type\":\"PropertyValueSpecification\",\"valueRequired\":true,\"valueName\":\"search_term_string\"}}],\"inLanguage\":\"es\"},{\"@type\":\"Organization\",\"@id\":\"https:\\\/\\\/pachakamani.com\\\/podcast\\\/#organization\",\"name\":\"PachaKamani-Radio\",\"url\":\"https:\\\/\\\/pachakamani.com\\\/podcast\\\/\",\"logo\":{\"@type\":\"ImageObject\",\"inLanguage\":\"es\",\"@id\":\"https:\\\/\\\/pachakamani.com\\\/podcast\\\/#\\\/schema\\\/logo\\\/image\\\/\",\"url\":\"https:\\\/\\\/pachakamani.com\\\/podcast\\\/wp-content\\\/uploads\\\/sites\\\/3\\\/2020\\\/07\\\/Logo-Kamani-2020-radio-alta-e1594269904981.jpg\",\"contentUrl\":\"https:\\\/\\\/pachakamani.com\\\/podcast\\\/wp-content\\\/uploads\\\/sites\\\/3\\\/2020\\\/07\\\/Logo-Kamani-2020-radio-alta-e1594269904981.jpg\",\"width\":500,\"height\":500,\"caption\":\"PachaKamani-Radio\"},\"image\":{\"@id\":\"https:\\\/\\\/pachakamani.com\\\/podcast\\\/#\\\/schema\\\/logo\\\/image\\\/\"}},{\"@type\":\"Person\",\"@id\":\"https:\\\/\\\/pachakamani.com\\\/podcast\\\/#\\\/schema\\\/person\\\/7871fc62b8c52d2ac335b123eeb73b49\",\"name\":\"Comunidad\",\"image\":{\"@type\":\"ImageObject\",\"inLanguage\":\"es\",\"@id\":\"https:\\\/\\\/secure.gravatar.com\\\/avatar\\\/91f602314b28e833d75397cbdfb1ea0454adc6b98929fd665e0c479626fd1391?s=96&d=mm&r=g\",\"url\":\"https:\\\/\\\/secure.gravatar.com\\\/avatar\\\/91f602314b28e833d75397cbdfb1ea0454adc6b98929fd665e0c479626fd1391?s=96&d=mm&r=g\",\"contentUrl\":\"https:\\\/\\\/secure.gravatar.com\\\/avatar\\\/91f602314b28e833d75397cbdfb1ea0454adc6b98929fd665e0c479626fd1391?s=96&d=mm&r=g\",\"caption\":\"Comunidad\"}}]}<\/script>\n<!-- \/ Yoast SEO plugin. -->","yoast_head_json":{"title":"Apuntes de cierre al 2do Encuentro patrimonializaci\u00f3n m\u00fasicas y sonoridades | Ep 16 - PachaKamani-Radio","description":"En el episodio n\u00famero 16, te compartimos las conclusiones de un evento que tuvo lugar hace tres semanas. Este evento, denominado el \"Segundo encuentro:","robots":{"index":"index","follow":"follow","max-snippet":"max-snippet:-1","max-image-preview":"max-image-preview:large","max-video-preview":"max-video-preview:-1"},"canonical":"https:\/\/pachakamani.com\/podcast\/apuntes-cierre-2do-encuentro-patrimonializacion-musicas-y-sonoridades-ep-16\/","og_locale":"es_ES","og_type":"article","og_title":"Apuntes de cierre al 2do Encuentro patrimonializaci\u00f3n m\u00fasicas y sonoridades | Ep 16 - PachaKamani-Radio","og_description":"En el episodio n\u00famero 16, te compartimos las conclusiones de un evento que tuvo lugar hace tres semanas. Este evento, denominado el \"Segundo encuentro:","og_url":"https:\/\/pachakamani.com\/podcast\/apuntes-cierre-2do-encuentro-patrimonializacion-musicas-y-sonoridades-ep-16\/","og_site_name":"PachaKamani-Radio","article_published_time":"2023-09-18T16:21:37+00:00","article_modified_time":"2023-09-18T16:39:17+00:00","og_image":[{"width":1080,"height":1080,"url":"https:\/\/pachakamani.com\/podcast\/wp-content\/uploads\/sites\/3\/2023\/09\/16-Apuntes-Cierre-patrimonio-musicas.jpg","type":"image\/jpeg"}],"author":"Comunidad","twitter_card":"summary_large_image","twitter_image":"https:\/\/pachakamani.com\/podcast\/wp-content\/uploads\/sites\/3\/2023\/09\/16-Apuntes-Cierre-patrimonio-musicas.jpg","twitter_misc":{"Escrito por":"Comunidad","Tiempo de lectura":"2 minutos"},"schema":{"@context":"https:\/\/schema.org","@graph":[{"@type":"Article","@id":"https:\/\/pachakamani.com\/podcast\/apuntes-cierre-2do-encuentro-patrimonializacion-musicas-y-sonoridades-ep-16\/#article","isPartOf":{"@id":"https:\/\/pachakamani.com\/podcast\/apuntes-cierre-2do-encuentro-patrimonializacion-musicas-y-sonoridades-ep-16\/"},"author":{"name":"Comunidad","@id":"https:\/\/pachakamani.com\/podcast\/#\/schema\/person\/7871fc62b8c52d2ac335b123eeb73b49"},"headline":"Apuntes de cierre al 2do Encuentro patrimonializaci\u00f3n m\u00fasicas y sonoridades | Ep 16","datePublished":"2023-09-18T16:21:37+00:00","dateModified":"2023-09-18T16:39:17+00:00","mainEntityOfPage":{"@id":"https:\/\/pachakamani.com\/podcast\/apuntes-cierre-2do-encuentro-patrimonializacion-musicas-y-sonoridades-ep-16\/"},"wordCount":311,"commentCount":2,"publisher":{"@id":"https:\/\/pachakamani.com\/podcast\/#organization"},"image":{"@id":"https:\/\/pachakamani.com\/podcast\/apuntes-cierre-2do-encuentro-patrimonializacion-musicas-y-sonoridades-ep-16\/#primaryimage"},"thumbnailUrl":"https:\/\/pachakamani.com\/podcast\/wp-content\/uploads\/sites\/3\/2023\/09\/16-Apuntes-Cierre-patrimonio-musicas.jpg","keywords":["Evento acad\u00e9mico"],"articleSection":["Varios"],"inLanguage":"es","potentialAction":[{"@type":"CommentAction","name":"Comment","target":["https:\/\/pachakamani.com\/podcast\/apuntes-cierre-2do-encuentro-patrimonializacion-musicas-y-sonoridades-ep-16\/#respond"]}]},{"@type":"WebPage","@id":"https:\/\/pachakamani.com\/podcast\/apuntes-cierre-2do-encuentro-patrimonializacion-musicas-y-sonoridades-ep-16\/","url":"https:\/\/pachakamani.com\/podcast\/apuntes-cierre-2do-encuentro-patrimonializacion-musicas-y-sonoridades-ep-16\/","name":"Apuntes de cierre al 2do Encuentro patrimonializaci\u00f3n m\u00fasicas y sonoridades | Ep 16 - PachaKamani-Radio","isPartOf":{"@id":"https:\/\/pachakamani.com\/podcast\/#website"},"primaryImageOfPage":{"@id":"https:\/\/pachakamani.com\/podcast\/apuntes-cierre-2do-encuentro-patrimonializacion-musicas-y-sonoridades-ep-16\/#primaryimage"},"image":{"@id":"https:\/\/pachakamani.com\/podcast\/apuntes-cierre-2do-encuentro-patrimonializacion-musicas-y-sonoridades-ep-16\/#primaryimage"},"thumbnailUrl":"https:\/\/pachakamani.com\/podcast\/wp-content\/uploads\/sites\/3\/2023\/09\/16-Apuntes-Cierre-patrimonio-musicas.jpg","datePublished":"2023-09-18T16:21:37+00:00","dateModified":"2023-09-18T16:39:17+00:00","description":"En el episodio n\u00famero 16, te compartimos las conclusiones de un evento que tuvo lugar hace tres semanas. Este evento, denominado el \"Segundo encuentro:","breadcrumb":{"@id":"https:\/\/pachakamani.com\/podcast\/apuntes-cierre-2do-encuentro-patrimonializacion-musicas-y-sonoridades-ep-16\/#breadcrumb"},"inLanguage":"es","potentialAction":[{"@type":"ReadAction","target":["https:\/\/pachakamani.com\/podcast\/apuntes-cierre-2do-encuentro-patrimonializacion-musicas-y-sonoridades-ep-16\/"]}]},{"@type":"ImageObject","inLanguage":"es","@id":"https:\/\/pachakamani.com\/podcast\/apuntes-cierre-2do-encuentro-patrimonializacion-musicas-y-sonoridades-ep-16\/#primaryimage","url":"https:\/\/pachakamani.com\/podcast\/wp-content\/uploads\/sites\/3\/2023\/09\/16-Apuntes-Cierre-patrimonio-musicas.jpg","contentUrl":"https:\/\/pachakamani.com\/podcast\/wp-content\/uploads\/sites\/3\/2023\/09\/16-Apuntes-Cierre-patrimonio-musicas.jpg","width":1080,"height":1080,"caption":"2do encuentro Patrimonializaci\u00f3n de m\u00fasicas y sonoridades"},{"@type":"BreadcrumbList","@id":"https:\/\/pachakamani.com\/podcast\/apuntes-cierre-2do-encuentro-patrimonializacion-musicas-y-sonoridades-ep-16\/#breadcrumb","itemListElement":[{"@type":"ListItem","position":1,"name":"Portada","item":"https:\/\/pachakamani.com\/podcast\/"},{"@type":"ListItem","position":2,"name":"Apuntes de cierre al 2do Encuentro patrimonializaci\u00f3n m\u00fasicas y sonoridades | Ep 16"}]},{"@type":"WebSite","@id":"https:\/\/pachakamani.com\/podcast\/#website","url":"https:\/\/pachakamani.com\/podcast\/","name":"PachaKamani-Radio","description":"El podcast de PachaKamani","publisher":{"@id":"https:\/\/pachakamani.com\/podcast\/#organization"},"potentialAction":[{"@type":"SearchAction","target":{"@type":"EntryPoint","urlTemplate":"https:\/\/pachakamani.com\/podcast\/?s={search_term_string}"},"query-input":{"@type":"PropertyValueSpecification","valueRequired":true,"valueName":"search_term_string"}}],"inLanguage":"es"},{"@type":"Organization","@id":"https:\/\/pachakamani.com\/podcast\/#organization","name":"PachaKamani-Radio","url":"https:\/\/pachakamani.com\/podcast\/","logo":{"@type":"ImageObject","inLanguage":"es","@id":"https:\/\/pachakamani.com\/podcast\/#\/schema\/logo\/image\/","url":"https:\/\/pachakamani.com\/podcast\/wp-content\/uploads\/sites\/3\/2020\/07\/Logo-Kamani-2020-radio-alta-e1594269904981.jpg","contentUrl":"https:\/\/pachakamani.com\/podcast\/wp-content\/uploads\/sites\/3\/2020\/07\/Logo-Kamani-2020-radio-alta-e1594269904981.jpg","width":500,"height":500,"caption":"PachaKamani-Radio"},"image":{"@id":"https:\/\/pachakamani.com\/podcast\/#\/schema\/logo\/image\/"}},{"@type":"Person","@id":"https:\/\/pachakamani.com\/podcast\/#\/schema\/person\/7871fc62b8c52d2ac335b123eeb73b49","name":"Comunidad","image":{"@type":"ImageObject","inLanguage":"es","@id":"https:\/\/secure.gravatar.com\/avatar\/91f602314b28e833d75397cbdfb1ea0454adc6b98929fd665e0c479626fd1391?s=96&d=mm&r=g","url":"https:\/\/secure.gravatar.com\/avatar\/91f602314b28e833d75397cbdfb1ea0454adc6b98929fd665e0c479626fd1391?s=96&d=mm&r=g","contentUrl":"https:\/\/secure.gravatar.com\/avatar\/91f602314b28e833d75397cbdfb1ea0454adc6b98929fd665e0c479626fd1391?s=96&d=mm&r=g","caption":"Comunidad"}}]}},"_links":{"self":[{"href":"https:\/\/pachakamani.com\/podcast\/wp-json\/wp\/v2\/posts\/946","targetHints":{"allow":["GET"]}}],"collection":[{"href":"https:\/\/pachakamani.com\/podcast\/wp-json\/wp\/v2\/posts"}],"about":[{"href":"https:\/\/pachakamani.com\/podcast\/wp-json\/wp\/v2\/types\/post"}],"author":[{"embeddable":true,"href":"https:\/\/pachakamani.com\/podcast\/wp-json\/wp\/v2\/users\/2"}],"replies":[{"embeddable":true,"href":"https:\/\/pachakamani.com\/podcast\/wp-json\/wp\/v2\/comments?post=946"}],"version-history":[{"count":2,"href":"https:\/\/pachakamani.com\/podcast\/wp-json\/wp\/v2\/posts\/946\/revisions"}],"predecessor-version":[{"id":949,"href":"https:\/\/pachakamani.com\/podcast\/wp-json\/wp\/v2\/posts\/946\/revisions\/949"}],"wp:featuredmedia":[{"embeddable":true,"href":"https:\/\/pachakamani.com\/podcast\/wp-json\/wp\/v2\/media\/947"}],"wp:attachment":[{"href":"https:\/\/pachakamani.com\/podcast\/wp-json\/wp\/v2\/media?parent=946"}],"wp:term":[{"taxonomy":"category","embeddable":true,"href":"https:\/\/pachakamani.com\/podcast\/wp-json\/wp\/v2\/categories?post=946"},{"taxonomy":"post_tag","embeddable":true,"href":"https:\/\/pachakamani.com\/podcast\/wp-json\/wp\/v2\/tags?post=946"}],"curies":[{"name":"wp","href":"https:\/\/api.w.org\/{rel}","templated":true}]}}