{"id":938,"date":"2023-08-21T07:32:19","date_gmt":"2023-08-21T11:32:19","guid":{"rendered":"https:\/\/pachakamani.com\/podcast\/?p=938"},"modified":"2023-09-18T12:05:24","modified_gmt":"2023-09-18T16:05:24","slug":"invitacion-2do-encuentro-reflexiones-sobre-patrimonializacion-de-musicas-y-sonoridades-ep-15","status":"publish","type":"post","link":"https:\/\/pachakamani.com\/podcast\/invitacion-2do-encuentro-reflexiones-sobre-patrimonializacion-de-musicas-y-sonoridades-ep-15\/","title":{"rendered":"Invitaci\u00f3n al 2do encuentro: Reflexiones sobre la patrimonializaci\u00f3n de m\u00fasicas y sonoridades"},"content":{"rendered":"\n<iframe src=\"https:\/\/embed.acast.com\/5ec1a7390565f024568322ca\/65055382480943001160142b\" frameBorder=\"0\" width=\"100%\" height=\"110px\"><\/iframe>\n\n\n\n<p>Este episodio 015 titulado <strong>Invitaci\u00f3n al Segundo encuentro: Reflexiones sobre la patrimonializaci\u00f3n de m\u00fasicas y sonoridades<\/strong>.<\/p>\n\n\n\n<p>En un evento importante programado para el a\u00f1o 2023 en Bolivia, organizado por PachaKamani en el Museo Nacional de etnograf\u00eda y folklore (MUSEF), se abordar\u00e1 la patrimonializaci\u00f3n de la m\u00fasica y las tensiones en torno a este tema en el pa\u00eds. Este evento es una continuaci\u00f3n de un simposio internacional realizado en 2016 sobre el mismo tema, que cont\u00f3 con la participaci\u00f3n de investigadores extranjeros.&nbsp;<\/p>\n\n\n\n<p>El evento se llevar\u00e1 a cabo de manera presencial en la sede del MUSEF, pero tambi\u00e9n se documentar\u00e1 y compartir\u00e1 en l\u00ednea a trav\u00e9s de videos y podcasts.&nbsp;<\/p>\n\n\n\n<p>Entre los temas a tratar se encuentran el patrimonio marcado por g\u00e9nero, la m\u00fasica como terapia desde la cosmovisi\u00f3n andina, y el escepticismo estrat\u00e9gico relacionado con el patrimonio cultural.<\/p>\n\n\n\n<p>Este evento acad\u00e9mico se enfoca en el patrimonio cultural intangible y la m\u00fasica tradicional en Bolivia y Am\u00e9rica Latina. Adem\u00e1s, se abordar\u00e1n temas como la sostenibilidad medioambiental en el uso de bamb\u00fas en la m\u00fasica andina, la patrimonializaci\u00f3n de la fiesta de San Roque y la m\u00fasica de Los Chunchos en Tarija, y la gesti\u00f3n de archivos sonoros y podcasting en el contexto cultural de la regi\u00f3n.<\/p>\n\n\n\n<p>El evento tambi\u00e9n destaca la participaci\u00f3n de investigadores extranjeros y la grabaci\u00f3n de sus ponencias para su inclusi\u00f3n en la presentaci\u00f3n del evento, lo que ampliar\u00e1 su alcance y permitir\u00e1 la participaci\u00f3n del p\u00fablico en reuniones virtuales con los ponentes. Se espera que este evento sea una plataforma para discutir temas clave relacionados con la m\u00fasica y el patrimonio cultural intangible en Bolivia y Am\u00e9rica Latina.<\/p>\n\n\n\n<p>M\u00e1s informaci\u00f3n:<br><a href=\"https:\/\/pachakamani.com\/blog\/2do-encuentro-internacional-reflexiones-patrimonializacion-de-musicas-sonoridades\/\" target=\"_blank\" rel=\"noopener noreferrer nofollow\">https:\/\/pachakamani.com\/blog\/2do-encuentro-internacional-reflexiones-patrimonializacion-de-musicas-sonoridades\/<\/a><\/p>\n","protected":false},"excerpt":{"rendered":"<p>Este episodio 015 titulado Invitaci\u00f3n al Segundo encuentro: Reflexiones sobre la patrimonializaci\u00f3n de m\u00fasicas y sonoridades. En un evento importante programado para el a\u00f1o 2023 en Bolivia, organizado por PachaKamani en el Museo Nacional de etnograf\u00eda y folklore (MUSEF), se abordar\u00e1 la patrimonializaci\u00f3n de la m\u00fasica y las tensiones en torno a este tema en [&hellip;]<\/p>\n","protected":false},"author":2,"featured_media":939,"comment_status":"open","ping_status":"open","sticky":false,"template":"","format":"standard","meta":{"site-sidebar-layout":"default","site-content-layout":"","ast-site-content-layout":"default","site-content-style":"default","site-sidebar-style":"default","ast-global-header-display":"","ast-banner-title-visibility":"","ast-main-header-display":"","ast-hfb-above-header-display":"","ast-hfb-below-header-display":"","ast-hfb-mobile-header-display":"","site-post-title":"","ast-breadcrumbs-content":"","ast-featured-img":"","footer-sml-layout":"","ast-disable-related-posts":"","theme-transparent-header-meta":"","adv-header-id-meta":"","stick-header-meta":"","header-above-stick-meta":"","header-main-stick-meta":"","header-below-stick-meta":"","astra-migrate-meta-layouts":"set","ast-page-background-enabled":"default","ast-page-background-meta":{"desktop":{"background-color":"","background-image":"","background-repeat":"repeat","background-position":"center center","background-size":"auto","background-attachment":"scroll","background-type":"","background-media":"","overlay-type":"","overlay-color":"","overlay-opacity":"","overlay-gradient":""},"tablet":{"background-color":"","background-image":"","background-repeat":"repeat","background-position":"center center","background-size":"auto","background-attachment":"scroll","background-type":"","background-media":"","overlay-type":"","overlay-color":"","overlay-opacity":"","overlay-gradient":""},"mobile":{"background-color":"","background-image":"","background-repeat":"repeat","background-position":"center center","background-size":"auto","background-attachment":"scroll","background-type":"","background-media":"","overlay-type":"","overlay-color":"","overlay-opacity":"","overlay-gradient":""}},"ast-content-background-meta":{"desktop":{"background-color":"var(--ast-global-color-5)","background-image":"","background-repeat":"repeat","background-position":"center center","background-size":"auto","background-attachment":"scroll","background-type":"","background-media":"","overlay-type":"","overlay-color":"","overlay-opacity":"","overlay-gradient":""},"tablet":{"background-color":"var(--ast-global-color-5)","background-image":"","background-repeat":"repeat","background-position":"center center","background-size":"auto","background-attachment":"scroll","background-type":"","background-media":"","overlay-type":"","overlay-color":"","overlay-opacity":"","overlay-gradient":""},"mobile":{"background-color":"var(--ast-global-color-5)","background-image":"","background-repeat":"repeat","background-position":"center center","background-size":"auto","background-attachment":"scroll","background-type":"","background-media":"","overlay-type":"","overlay-color":"","overlay-opacity":"","overlay-gradient":""}},"footnotes":""},"categories":[3],"tags":[],"class_list":["post-938","post","type-post","status-publish","format-standard","has-post-thumbnail","hentry","category-etnomusicologia"],"yoast_head":"<!-- This site is optimized with the Yoast SEO plugin v27.5 - https:\/\/yoast.com\/product\/yoast-seo-wordpress\/ -->\n<title>Invitaci\u00f3n al 2do encuentro: Reflexiones sobre la patrimonializaci\u00f3n de m\u00fasicas y sonoridades - PachaKamani-Radio<\/title>\n<meta name=\"description\" content=\"Este episodio 015 titulado Invitaci\u00f3n al Segundo encuentro: Reflexiones sobre la patrimonializaci\u00f3n de m\u00fasicas y sonoridades. En un evento importante\" \/>\n<meta name=\"robots\" content=\"index, follow, max-snippet:-1, max-image-preview:large, max-video-preview:-1\" \/>\n<link rel=\"canonical\" href=\"https:\/\/pachakamani.com\/podcast\/invitacion-2do-encuentro-reflexiones-sobre-patrimonializacion-de-musicas-y-sonoridades-ep-15\/\" \/>\n<meta property=\"og:locale\" content=\"es_ES\" \/>\n<meta property=\"og:type\" content=\"article\" \/>\n<meta property=\"og:title\" content=\"Invitaci\u00f3n al 2do encuentro: Reflexiones sobre la patrimonializaci\u00f3n de m\u00fasicas y sonoridades - PachaKamani-Radio\" \/>\n<meta property=\"og:description\" content=\"Este episodio 015 titulado Invitaci\u00f3n al Segundo encuentro: Reflexiones sobre la patrimonializaci\u00f3n de m\u00fasicas y sonoridades. En un evento importante\" \/>\n<meta property=\"og:url\" content=\"https:\/\/pachakamani.com\/podcast\/invitacion-2do-encuentro-reflexiones-sobre-patrimonializacion-de-musicas-y-sonoridades-ep-15\/\" \/>\n<meta property=\"og:site_name\" content=\"PachaKamani-Radio\" \/>\n<meta property=\"article:published_time\" content=\"2023-08-21T11:32:19+00:00\" \/>\n<meta property=\"article:modified_time\" content=\"2023-09-18T16:05:24+00:00\" \/>\n<meta property=\"og:image\" content=\"https:\/\/pachakamani.com\/podcast\/wp-content\/uploads\/sites\/3\/2023\/09\/SUBMESA-PROGRAMA-especial.png\" \/>\n\t<meta property=\"og:image:width\" content=\"940\" \/>\n\t<meta property=\"og:image:height\" content=\"788\" \/>\n\t<meta property=\"og:image:type\" content=\"image\/png\" \/>\n<meta name=\"author\" content=\"Comunidad\" \/>\n<meta name=\"twitter:card\" content=\"summary_large_image\" \/>\n<meta name=\"twitter:label1\" content=\"Escrito por\" \/>\n\t<meta name=\"twitter:data1\" content=\"Comunidad\" \/>\n\t<meta name=\"twitter:label2\" content=\"Tiempo de lectura\" \/>\n\t<meta name=\"twitter:data2\" content=\"2 minutos\" \/>\n<script type=\"application\/ld+json\" class=\"yoast-schema-graph\">{\"@context\":\"https:\\\/\\\/schema.org\",\"@graph\":[{\"@type\":\"Article\",\"@id\":\"https:\\\/\\\/pachakamani.com\\\/podcast\\\/invitacion-2do-encuentro-reflexiones-sobre-patrimonializacion-de-musicas-y-sonoridades-ep-15\\\/#article\",\"isPartOf\":{\"@id\":\"https:\\\/\\\/pachakamani.com\\\/podcast\\\/invitacion-2do-encuentro-reflexiones-sobre-patrimonializacion-de-musicas-y-sonoridades-ep-15\\\/\"},\"author\":{\"name\":\"Comunidad\",\"@id\":\"https:\\\/\\\/pachakamani.com\\\/podcast\\\/#\\\/schema\\\/person\\\/7871fc62b8c52d2ac335b123eeb73b49\"},\"headline\":\"Invitaci\u00f3n al 2do encuentro: Reflexiones sobre la patrimonializaci\u00f3n de m\u00fasicas y sonoridades\",\"datePublished\":\"2023-08-21T11:32:19+00:00\",\"dateModified\":\"2023-09-18T16:05:24+00:00\",\"mainEntityOfPage\":{\"@id\":\"https:\\\/\\\/pachakamani.com\\\/podcast\\\/invitacion-2do-encuentro-reflexiones-sobre-patrimonializacion-de-musicas-y-sonoridades-ep-15\\\/\"},\"wordCount\":331,\"commentCount\":2,\"publisher\":{\"@id\":\"https:\\\/\\\/pachakamani.com\\\/podcast\\\/#organization\"},\"image\":{\"@id\":\"https:\\\/\\\/pachakamani.com\\\/podcast\\\/invitacion-2do-encuentro-reflexiones-sobre-patrimonializacion-de-musicas-y-sonoridades-ep-15\\\/#primaryimage\"},\"thumbnailUrl\":\"https:\\\/\\\/pachakamani.com\\\/podcast\\\/wp-content\\\/uploads\\\/sites\\\/3\\\/2023\\\/09\\\/SUBMESA-PROGRAMA-especial.png\",\"articleSection\":[\"Etnomusicolog\u00eda\"],\"inLanguage\":\"es\",\"potentialAction\":[{\"@type\":\"CommentAction\",\"name\":\"Comment\",\"target\":[\"https:\\\/\\\/pachakamani.com\\\/podcast\\\/invitacion-2do-encuentro-reflexiones-sobre-patrimonializacion-de-musicas-y-sonoridades-ep-15\\\/#respond\"]}]},{\"@type\":\"WebPage\",\"@id\":\"https:\\\/\\\/pachakamani.com\\\/podcast\\\/invitacion-2do-encuentro-reflexiones-sobre-patrimonializacion-de-musicas-y-sonoridades-ep-15\\\/\",\"url\":\"https:\\\/\\\/pachakamani.com\\\/podcast\\\/invitacion-2do-encuentro-reflexiones-sobre-patrimonializacion-de-musicas-y-sonoridades-ep-15\\\/\",\"name\":\"Invitaci\u00f3n al 2do encuentro: Reflexiones sobre la patrimonializaci\u00f3n de m\u00fasicas y sonoridades - PachaKamani-Radio\",\"isPartOf\":{\"@id\":\"https:\\\/\\\/pachakamani.com\\\/podcast\\\/#website\"},\"primaryImageOfPage\":{\"@id\":\"https:\\\/\\\/pachakamani.com\\\/podcast\\\/invitacion-2do-encuentro-reflexiones-sobre-patrimonializacion-de-musicas-y-sonoridades-ep-15\\\/#primaryimage\"},\"image\":{\"@id\":\"https:\\\/\\\/pachakamani.com\\\/podcast\\\/invitacion-2do-encuentro-reflexiones-sobre-patrimonializacion-de-musicas-y-sonoridades-ep-15\\\/#primaryimage\"},\"thumbnailUrl\":\"https:\\\/\\\/pachakamani.com\\\/podcast\\\/wp-content\\\/uploads\\\/sites\\\/3\\\/2023\\\/09\\\/SUBMESA-PROGRAMA-especial.png\",\"datePublished\":\"2023-08-21T11:32:19+00:00\",\"dateModified\":\"2023-09-18T16:05:24+00:00\",\"description\":\"Este episodio 015 titulado Invitaci\u00f3n al Segundo encuentro: Reflexiones sobre la patrimonializaci\u00f3n de m\u00fasicas y sonoridades. En un evento importante\",\"breadcrumb\":{\"@id\":\"https:\\\/\\\/pachakamani.com\\\/podcast\\\/invitacion-2do-encuentro-reflexiones-sobre-patrimonializacion-de-musicas-y-sonoridades-ep-15\\\/#breadcrumb\"},\"inLanguage\":\"es\",\"potentialAction\":[{\"@type\":\"ReadAction\",\"target\":[\"https:\\\/\\\/pachakamani.com\\\/podcast\\\/invitacion-2do-encuentro-reflexiones-sobre-patrimonializacion-de-musicas-y-sonoridades-ep-15\\\/\"]}]},{\"@type\":\"ImageObject\",\"inLanguage\":\"es\",\"@id\":\"https:\\\/\\\/pachakamani.com\\\/podcast\\\/invitacion-2do-encuentro-reflexiones-sobre-patrimonializacion-de-musicas-y-sonoridades-ep-15\\\/#primaryimage\",\"url\":\"https:\\\/\\\/pachakamani.com\\\/podcast\\\/wp-content\\\/uploads\\\/sites\\\/3\\\/2023\\\/09\\\/SUBMESA-PROGRAMA-especial.png\",\"contentUrl\":\"https:\\\/\\\/pachakamani.com\\\/podcast\\\/wp-content\\\/uploads\\\/sites\\\/3\\\/2023\\\/09\\\/SUBMESA-PROGRAMA-especial.png\",\"width\":940,\"height\":788},{\"@type\":\"BreadcrumbList\",\"@id\":\"https:\\\/\\\/pachakamani.com\\\/podcast\\\/invitacion-2do-encuentro-reflexiones-sobre-patrimonializacion-de-musicas-y-sonoridades-ep-15\\\/#breadcrumb\",\"itemListElement\":[{\"@type\":\"ListItem\",\"position\":1,\"name\":\"Portada\",\"item\":\"https:\\\/\\\/pachakamani.com\\\/podcast\\\/\"},{\"@type\":\"ListItem\",\"position\":2,\"name\":\"Invitaci\u00f3n al 2do encuentro: Reflexiones sobre la patrimonializaci\u00f3n de m\u00fasicas y sonoridades\"}]},{\"@type\":\"WebSite\",\"@id\":\"https:\\\/\\\/pachakamani.com\\\/podcast\\\/#website\",\"url\":\"https:\\\/\\\/pachakamani.com\\\/podcast\\\/\",\"name\":\"PachaKamani-Radio\",\"description\":\"El podcast de PachaKamani\",\"publisher\":{\"@id\":\"https:\\\/\\\/pachakamani.com\\\/podcast\\\/#organization\"},\"potentialAction\":[{\"@type\":\"SearchAction\",\"target\":{\"@type\":\"EntryPoint\",\"urlTemplate\":\"https:\\\/\\\/pachakamani.com\\\/podcast\\\/?s={search_term_string}\"},\"query-input\":{\"@type\":\"PropertyValueSpecification\",\"valueRequired\":true,\"valueName\":\"search_term_string\"}}],\"inLanguage\":\"es\"},{\"@type\":\"Organization\",\"@id\":\"https:\\\/\\\/pachakamani.com\\\/podcast\\\/#organization\",\"name\":\"PachaKamani-Radio\",\"url\":\"https:\\\/\\\/pachakamani.com\\\/podcast\\\/\",\"logo\":{\"@type\":\"ImageObject\",\"inLanguage\":\"es\",\"@id\":\"https:\\\/\\\/pachakamani.com\\\/podcast\\\/#\\\/schema\\\/logo\\\/image\\\/\",\"url\":\"https:\\\/\\\/pachakamani.com\\\/podcast\\\/wp-content\\\/uploads\\\/sites\\\/3\\\/2020\\\/07\\\/Logo-Kamani-2020-radio-alta-e1594269904981.jpg\",\"contentUrl\":\"https:\\\/\\\/pachakamani.com\\\/podcast\\\/wp-content\\\/uploads\\\/sites\\\/3\\\/2020\\\/07\\\/Logo-Kamani-2020-radio-alta-e1594269904981.jpg\",\"width\":500,\"height\":500,\"caption\":\"PachaKamani-Radio\"},\"image\":{\"@id\":\"https:\\\/\\\/pachakamani.com\\\/podcast\\\/#\\\/schema\\\/logo\\\/image\\\/\"}},{\"@type\":\"Person\",\"@id\":\"https:\\\/\\\/pachakamani.com\\\/podcast\\\/#\\\/schema\\\/person\\\/7871fc62b8c52d2ac335b123eeb73b49\",\"name\":\"Comunidad\",\"image\":{\"@type\":\"ImageObject\",\"inLanguage\":\"es\",\"@id\":\"https:\\\/\\\/secure.gravatar.com\\\/avatar\\\/91f602314b28e833d75397cbdfb1ea0454adc6b98929fd665e0c479626fd1391?s=96&d=mm&r=g\",\"url\":\"https:\\\/\\\/secure.gravatar.com\\\/avatar\\\/91f602314b28e833d75397cbdfb1ea0454adc6b98929fd665e0c479626fd1391?s=96&d=mm&r=g\",\"contentUrl\":\"https:\\\/\\\/secure.gravatar.com\\\/avatar\\\/91f602314b28e833d75397cbdfb1ea0454adc6b98929fd665e0c479626fd1391?s=96&d=mm&r=g\",\"caption\":\"Comunidad\"}}]}<\/script>\n<!-- \/ Yoast SEO plugin. -->","yoast_head_json":{"title":"Invitaci\u00f3n al 2do encuentro: Reflexiones sobre la patrimonializaci\u00f3n de m\u00fasicas y sonoridades - PachaKamani-Radio","description":"Este episodio 015 titulado Invitaci\u00f3n al Segundo encuentro: Reflexiones sobre la patrimonializaci\u00f3n de m\u00fasicas y sonoridades. En un evento importante","robots":{"index":"index","follow":"follow","max-snippet":"max-snippet:-1","max-image-preview":"max-image-preview:large","max-video-preview":"max-video-preview:-1"},"canonical":"https:\/\/pachakamani.com\/podcast\/invitacion-2do-encuentro-reflexiones-sobre-patrimonializacion-de-musicas-y-sonoridades-ep-15\/","og_locale":"es_ES","og_type":"article","og_title":"Invitaci\u00f3n al 2do encuentro: Reflexiones sobre la patrimonializaci\u00f3n de m\u00fasicas y sonoridades - PachaKamani-Radio","og_description":"Este episodio 015 titulado Invitaci\u00f3n al Segundo encuentro: Reflexiones sobre la patrimonializaci\u00f3n de m\u00fasicas y sonoridades. En un evento importante","og_url":"https:\/\/pachakamani.com\/podcast\/invitacion-2do-encuentro-reflexiones-sobre-patrimonializacion-de-musicas-y-sonoridades-ep-15\/","og_site_name":"PachaKamani-Radio","article_published_time":"2023-08-21T11:32:19+00:00","article_modified_time":"2023-09-18T16:05:24+00:00","og_image":[{"width":940,"height":788,"url":"https:\/\/pachakamani.com\/podcast\/wp-content\/uploads\/sites\/3\/2023\/09\/SUBMESA-PROGRAMA-especial.png","type":"image\/png"}],"author":"Comunidad","twitter_card":"summary_large_image","twitter_misc":{"Escrito por":"Comunidad","Tiempo de lectura":"2 minutos"},"schema":{"@context":"https:\/\/schema.org","@graph":[{"@type":"Article","@id":"https:\/\/pachakamani.com\/podcast\/invitacion-2do-encuentro-reflexiones-sobre-patrimonializacion-de-musicas-y-sonoridades-ep-15\/#article","isPartOf":{"@id":"https:\/\/pachakamani.com\/podcast\/invitacion-2do-encuentro-reflexiones-sobre-patrimonializacion-de-musicas-y-sonoridades-ep-15\/"},"author":{"name":"Comunidad","@id":"https:\/\/pachakamani.com\/podcast\/#\/schema\/person\/7871fc62b8c52d2ac335b123eeb73b49"},"headline":"Invitaci\u00f3n al 2do encuentro: Reflexiones sobre la patrimonializaci\u00f3n de m\u00fasicas y sonoridades","datePublished":"2023-08-21T11:32:19+00:00","dateModified":"2023-09-18T16:05:24+00:00","mainEntityOfPage":{"@id":"https:\/\/pachakamani.com\/podcast\/invitacion-2do-encuentro-reflexiones-sobre-patrimonializacion-de-musicas-y-sonoridades-ep-15\/"},"wordCount":331,"commentCount":2,"publisher":{"@id":"https:\/\/pachakamani.com\/podcast\/#organization"},"image":{"@id":"https:\/\/pachakamani.com\/podcast\/invitacion-2do-encuentro-reflexiones-sobre-patrimonializacion-de-musicas-y-sonoridades-ep-15\/#primaryimage"},"thumbnailUrl":"https:\/\/pachakamani.com\/podcast\/wp-content\/uploads\/sites\/3\/2023\/09\/SUBMESA-PROGRAMA-especial.png","articleSection":["Etnomusicolog\u00eda"],"inLanguage":"es","potentialAction":[{"@type":"CommentAction","name":"Comment","target":["https:\/\/pachakamani.com\/podcast\/invitacion-2do-encuentro-reflexiones-sobre-patrimonializacion-de-musicas-y-sonoridades-ep-15\/#respond"]}]},{"@type":"WebPage","@id":"https:\/\/pachakamani.com\/podcast\/invitacion-2do-encuentro-reflexiones-sobre-patrimonializacion-de-musicas-y-sonoridades-ep-15\/","url":"https:\/\/pachakamani.com\/podcast\/invitacion-2do-encuentro-reflexiones-sobre-patrimonializacion-de-musicas-y-sonoridades-ep-15\/","name":"Invitaci\u00f3n al 2do encuentro: Reflexiones sobre la patrimonializaci\u00f3n de m\u00fasicas y sonoridades - PachaKamani-Radio","isPartOf":{"@id":"https:\/\/pachakamani.com\/podcast\/#website"},"primaryImageOfPage":{"@id":"https:\/\/pachakamani.com\/podcast\/invitacion-2do-encuentro-reflexiones-sobre-patrimonializacion-de-musicas-y-sonoridades-ep-15\/#primaryimage"},"image":{"@id":"https:\/\/pachakamani.com\/podcast\/invitacion-2do-encuentro-reflexiones-sobre-patrimonializacion-de-musicas-y-sonoridades-ep-15\/#primaryimage"},"thumbnailUrl":"https:\/\/pachakamani.com\/podcast\/wp-content\/uploads\/sites\/3\/2023\/09\/SUBMESA-PROGRAMA-especial.png","datePublished":"2023-08-21T11:32:19+00:00","dateModified":"2023-09-18T16:05:24+00:00","description":"Este episodio 015 titulado Invitaci\u00f3n al Segundo encuentro: Reflexiones sobre la patrimonializaci\u00f3n de m\u00fasicas y sonoridades. En un evento importante","breadcrumb":{"@id":"https:\/\/pachakamani.com\/podcast\/invitacion-2do-encuentro-reflexiones-sobre-patrimonializacion-de-musicas-y-sonoridades-ep-15\/#breadcrumb"},"inLanguage":"es","potentialAction":[{"@type":"ReadAction","target":["https:\/\/pachakamani.com\/podcast\/invitacion-2do-encuentro-reflexiones-sobre-patrimonializacion-de-musicas-y-sonoridades-ep-15\/"]}]},{"@type":"ImageObject","inLanguage":"es","@id":"https:\/\/pachakamani.com\/podcast\/invitacion-2do-encuentro-reflexiones-sobre-patrimonializacion-de-musicas-y-sonoridades-ep-15\/#primaryimage","url":"https:\/\/pachakamani.com\/podcast\/wp-content\/uploads\/sites\/3\/2023\/09\/SUBMESA-PROGRAMA-especial.png","contentUrl":"https:\/\/pachakamani.com\/podcast\/wp-content\/uploads\/sites\/3\/2023\/09\/SUBMESA-PROGRAMA-especial.png","width":940,"height":788},{"@type":"BreadcrumbList","@id":"https:\/\/pachakamani.com\/podcast\/invitacion-2do-encuentro-reflexiones-sobre-patrimonializacion-de-musicas-y-sonoridades-ep-15\/#breadcrumb","itemListElement":[{"@type":"ListItem","position":1,"name":"Portada","item":"https:\/\/pachakamani.com\/podcast\/"},{"@type":"ListItem","position":2,"name":"Invitaci\u00f3n al 2do encuentro: Reflexiones sobre la patrimonializaci\u00f3n de m\u00fasicas y sonoridades"}]},{"@type":"WebSite","@id":"https:\/\/pachakamani.com\/podcast\/#website","url":"https:\/\/pachakamani.com\/podcast\/","name":"PachaKamani-Radio","description":"El podcast de PachaKamani","publisher":{"@id":"https:\/\/pachakamani.com\/podcast\/#organization"},"potentialAction":[{"@type":"SearchAction","target":{"@type":"EntryPoint","urlTemplate":"https:\/\/pachakamani.com\/podcast\/?s={search_term_string}"},"query-input":{"@type":"PropertyValueSpecification","valueRequired":true,"valueName":"search_term_string"}}],"inLanguage":"es"},{"@type":"Organization","@id":"https:\/\/pachakamani.com\/podcast\/#organization","name":"PachaKamani-Radio","url":"https:\/\/pachakamani.com\/podcast\/","logo":{"@type":"ImageObject","inLanguage":"es","@id":"https:\/\/pachakamani.com\/podcast\/#\/schema\/logo\/image\/","url":"https:\/\/pachakamani.com\/podcast\/wp-content\/uploads\/sites\/3\/2020\/07\/Logo-Kamani-2020-radio-alta-e1594269904981.jpg","contentUrl":"https:\/\/pachakamani.com\/podcast\/wp-content\/uploads\/sites\/3\/2020\/07\/Logo-Kamani-2020-radio-alta-e1594269904981.jpg","width":500,"height":500,"caption":"PachaKamani-Radio"},"image":{"@id":"https:\/\/pachakamani.com\/podcast\/#\/schema\/logo\/image\/"}},{"@type":"Person","@id":"https:\/\/pachakamani.com\/podcast\/#\/schema\/person\/7871fc62b8c52d2ac335b123eeb73b49","name":"Comunidad","image":{"@type":"ImageObject","inLanguage":"es","@id":"https:\/\/secure.gravatar.com\/avatar\/91f602314b28e833d75397cbdfb1ea0454adc6b98929fd665e0c479626fd1391?s=96&d=mm&r=g","url":"https:\/\/secure.gravatar.com\/avatar\/91f602314b28e833d75397cbdfb1ea0454adc6b98929fd665e0c479626fd1391?s=96&d=mm&r=g","contentUrl":"https:\/\/secure.gravatar.com\/avatar\/91f602314b28e833d75397cbdfb1ea0454adc6b98929fd665e0c479626fd1391?s=96&d=mm&r=g","caption":"Comunidad"}}]}},"_links":{"self":[{"href":"https:\/\/pachakamani.com\/podcast\/wp-json\/wp\/v2\/posts\/938","targetHints":{"allow":["GET"]}}],"collection":[{"href":"https:\/\/pachakamani.com\/podcast\/wp-json\/wp\/v2\/posts"}],"about":[{"href":"https:\/\/pachakamani.com\/podcast\/wp-json\/wp\/v2\/types\/post"}],"author":[{"embeddable":true,"href":"https:\/\/pachakamani.com\/podcast\/wp-json\/wp\/v2\/users\/2"}],"replies":[{"embeddable":true,"href":"https:\/\/pachakamani.com\/podcast\/wp-json\/wp\/v2\/comments?post=938"}],"version-history":[{"count":2,"href":"https:\/\/pachakamani.com\/podcast\/wp-json\/wp\/v2\/posts\/938\/revisions"}],"predecessor-version":[{"id":945,"href":"https:\/\/pachakamani.com\/podcast\/wp-json\/wp\/v2\/posts\/938\/revisions\/945"}],"wp:featuredmedia":[{"embeddable":true,"href":"https:\/\/pachakamani.com\/podcast\/wp-json\/wp\/v2\/media\/939"}],"wp:attachment":[{"href":"https:\/\/pachakamani.com\/podcast\/wp-json\/wp\/v2\/media?parent=938"}],"wp:term":[{"taxonomy":"category","embeddable":true,"href":"https:\/\/pachakamani.com\/podcast\/wp-json\/wp\/v2\/categories?post=938"},{"taxonomy":"post_tag","embeddable":true,"href":"https:\/\/pachakamani.com\/podcast\/wp-json\/wp\/v2\/tags?post=938"}],"curies":[{"name":"wp","href":"https:\/\/api.w.org\/{rel}","templated":true}]}}