{"id":217,"date":"2011-07-18T18:23:00","date_gmt":"2011-07-18T22:23:00","guid":{"rendered":"https:\/\/podcast.pachakamani.com\/revista-cultural-multimedia-pachakamani\/"},"modified":"2023-05-28T07:47:22","modified_gmt":"2023-05-28T11:47:22","slug":"revista-cultural-multimedia-pachakamani","status":"publish","type":"post","link":"https:\/\/pachakamani.com\/podcast\/revista-cultural-multimedia-pachakamani\/","title":{"rendered":"Revista Cultural Multimedia: \u201cPachaKamani\u201d"},"content":{"rendered":"<p>Revista Cultural Multimedia: \u201cPachaKamani\u201d<br \/>\nA\u00f1o: I \u2014 N\u00ba 001, Junio 2011, La Paz\u2014Bolivia, Formato: DVD-ROOM<\/p>\n<p>Recientemente, en el mes de mayo, celebr\u00e1bamos una de las festividades m\u00e1s grandes en el sector andino, nos referimos a la fiesta de la Cruz del Sur en honor a la Chakana. Adem\u00e1s de ello, nosotros PachaKamani, celebramos seis a\u00f1os de existencia. Y luego de la respuesta de todos ustedes, en internet a trav\u00e9s de este portal, vimos por conveniente pasar a la siguiente etapa.<\/p>\n<div style=\"clear: both;text-align: center\"><\/div>\n<p>Por ello, ponemos a disposici\u00f3n de todos y todas una producci\u00f3n video gr\u00e1fica multimedia. Con este trabajo iniciamos la tan esperada temporada de la publicaci\u00f3n de nuestra revista en formato audio visual (DVD-ROOM, documental y multimedia) a la que tambi\u00e9n denominamos \u201cPachaKamani\u201d.<br \/>\nEs as\u00ed, que este primer n\u00famero est\u00e1 conformado por un disco en formato DVD, orientado a su uso en los reproductores convencionales; adem\u00e1s, para aquellos que tienen computador, pueden encontrar en este disco informaci\u00f3n complementaria, compuesta principalmente por documentos de texto en formato PDF.<br \/>\nEsta obra compila: El video documental titulado \u201cTejiendo el G\u00e9nero en la Cultura\u201d, una explicaci\u00f3n detallada del textil andino (desde su elaboraci\u00f3n hasta su uso en relaci\u00f3n al g\u00e9nero) a cargo de Gloria Villarroel Salgueiro (Antrop\u00f3loga). Luego, incluimos una entrevista a Bernardo Rozo (Etnomusic\u00f3logo) que nos presenta su libro reci\u00e9n publicado: \u00abCuraciones de Luna Nueva: Saberes, pr\u00e1cticas y productos musicales en Lomer\u00edo\u00bb un gran a porte a las investigaciones etnomusicol\u00f3gicas en Bolivia, ya que a\u00f1ade un anexo metodol\u00f3gico en esta \u00e1rea. En lo que respecta a dos documentos en PDF presentamos dos art\u00edculos: (1) El G\u00e9nero del  Achachil Wara Wara en Choj\u00f1acota, de Gloria Villarroel Salguerio; y (2) \u00bfBailar o Danzar? Reflexiones en torno al uso y contextualizaci\u00f3n del significado de la danza, de Richard M\u00fajica Angulo.<\/p>\n<p>Este trabajo est\u00e1 a dispocisi\u00f3n en librerias y centros de distribuci\u00f3n en la ciudad de La Paz. Esperamos contar con tu apoyo en las pr\u00f3ximas producciones, ya que se viene la inclusi\u00f3n de textos \u00edntegros de investigaci\u00f3n antropol\u00f3gica y de otras ramas investigativas, comentarios de libros, reportajes culturales y los art\u00edculos que tu y otr@s herman@s quieran publicar; pues esa es la tarea de Pacha Kamani, la difusi\u00f3n de la informaci\u00f3n\u2026\u201dabrir las puertas del conocimientos a tod@s\u201d.<br \/>\nEquipo PachaKamani.<\/p>\n<p>C O N T E N I D O:<br \/>\n\u2022 Video Documental: \u201cTejiendo el G\u00e9nero en la Cultura\u201d<br \/>\n\u2022 Entrevista: Curaciones de Luna Nueva: Saberes, pr\u00e1cticas y productos musicales en Lomerio<br \/>\n\u2022 Art\u00edculo N\u00ba 1: El G\u00e9nero del  Achachil Wara Wara en Choj\u00f1acota<br \/>\n\u2022 Art\u00edculo N\u00ba 2: \u00bfBailar o Danzar? Reflexiones en torno al uso y contextualizaci\u00f3n del significado de la danza<br \/>\n\u2022 \u00bfQu\u00e9 es PachaKamani?<\/p>\n<p><b>Puntos de distribuci\u00f3n:<\/b><br \/>\n&#8211; Archivo de La Paz: \u00abCasa Montes\u00bb, calle 6 de Agosto N\u00ba 2080, Telf. 2441416<br \/>\n&#8211; Librer\u00eda YACHAYWASI. Av. Villaz\u00f3n Pasaje Bernardo Trigo n\u00ba 447. Telf. 2441042<br \/>\n&#8211; Biblioteca Fundaci\u00f3n Xavier Alb\u00f3, Final Calle Chaco N\u00ba 1161, esquina Ostria; Edificio de la Universidad de la Cordillera. Alto Sopocachi (Cancha San Luis), Telefax: (591-2) 2416058;<\/p>\n","protected":false},"excerpt":{"rendered":"<p>Revista Cultural Multimedia: \u201cPachaKamani\u201d A\u00f1o: I \u2014 N\u00ba 001, Junio 2011, La Paz\u2014Bolivia, Formato: DVD-ROOM Recientemente, en el mes de mayo, celebr\u00e1bamos una de las festividades m\u00e1s grandes en el sector andino, nos referimos a la fiesta de la Cruz del Sur en honor a la Chakana. Adem\u00e1s de ello, nosotros PachaKamani, celebramos seis a\u00f1os [&hellip;]<\/p>\n","protected":false},"author":2,"featured_media":885,"comment_status":"open","ping_status":"open","sticky":false,"template":"","format":"standard","meta":{"site-sidebar-layout":"default","site-content-layout":"default","ast-site-content-layout":"default","site-content-style":"default","site-sidebar-style":"default","ast-global-header-display":"","ast-banner-title-visibility":"","ast-main-header-display":"","ast-hfb-above-header-display":"","ast-hfb-below-header-display":"","ast-hfb-mobile-header-display":"","site-post-title":"","ast-breadcrumbs-content":"","ast-featured-img":"disabled","footer-sml-layout":"","ast-disable-related-posts":"","theme-transparent-header-meta":"default","adv-header-id-meta":"","stick-header-meta":"","header-above-stick-meta":"","header-main-stick-meta":"","header-below-stick-meta":"","astra-migrate-meta-layouts":"default","ast-page-background-enabled":"default","ast-page-background-meta":{"desktop":{"background-color":"","background-image":"","background-repeat":"repeat","background-position":"center center","background-size":"auto","background-attachment":"scroll","background-type":"","background-media":"","overlay-type":"","overlay-color":"","overlay-opacity":"","overlay-gradient":""},"tablet":{"background-color":"","background-image":"","background-repeat":"repeat","background-position":"center center","background-size":"auto","background-attachment":"scroll","background-type":"","background-media":"","overlay-type":"","overlay-color":"","overlay-opacity":"","overlay-gradient":""},"mobile":{"background-color":"","background-image":"","background-repeat":"repeat","background-position":"center center","background-size":"auto","background-attachment":"scroll","background-type":"","background-media":"","overlay-type":"","overlay-color":"","overlay-opacity":"","overlay-gradient":""}},"ast-content-background-meta":{"desktop":{"background-color":"var(--ast-global-color-5)","background-image":"","background-repeat":"repeat","background-position":"center center","background-size":"auto","background-attachment":"scroll","background-type":"","background-media":"","overlay-type":"","overlay-color":"","overlay-opacity":"","overlay-gradient":""},"tablet":{"background-color":"var(--ast-global-color-5)","background-image":"","background-repeat":"repeat","background-position":"center center","background-size":"auto","background-attachment":"scroll","background-type":"","background-media":"","overlay-type":"","overlay-color":"","overlay-opacity":"","overlay-gradient":""},"mobile":{"background-color":"var(--ast-global-color-5)","background-image":"","background-repeat":"repeat","background-position":"center center","background-size":"auto","background-attachment":"scroll","background-type":"","background-media":"","overlay-type":"","overlay-color":"","overlay-opacity":"","overlay-gradient":""}},"footnotes":""},"categories":[2,3,4,5,10],"tags":[18,20],"class_list":["post-217","post","type-post","status-publish","format-standard","has-post-thumbnail","hentry","category-arte-textil","category-etnomusicologia","category-instrumentos-musicales","category-investigacion","category-ritualidad-festividad","tag-antropologia","tag-arte-textil"],"yoast_head":"<!-- This site is optimized with the Yoast SEO plugin v27.5 - https:\/\/yoast.com\/product\/yoast-seo-wordpress\/ -->\n<title>Revista Cultural Multimedia: \u201cPachaKamani\u201d - PachaKamani-Radio<\/title>\n<meta name=\"description\" content=\"Revista Cultural Multimedia: \u201cPachaKamani\u201d A\u00f1o: I \u2014 N\u00ba 001, Junio 2011, La Paz\u2014Bolivia, Formato: DVD-ROOM Recientemente, en el mes de mayo, celebr\u00e1bamos\" \/>\n<meta name=\"robots\" content=\"index, follow, max-snippet:-1, max-image-preview:large, max-video-preview:-1\" \/>\n<link rel=\"canonical\" href=\"https:\/\/pachakamani.com\/podcast\/revista-cultural-multimedia-pachakamani\/\" \/>\n<meta property=\"og:locale\" content=\"es_ES\" \/>\n<meta property=\"og:type\" content=\"article\" \/>\n<meta property=\"og:title\" content=\"Revista Cultural Multimedia: \u201cPachaKamani\u201d - PachaKamani-Radio\" \/>\n<meta property=\"og:description\" content=\"Revista Cultural Multimedia: \u201cPachaKamani\u201d A\u00f1o: I \u2014 N\u00ba 001, Junio 2011, La Paz\u2014Bolivia, Formato: DVD-ROOM Recientemente, en el mes de mayo, celebr\u00e1bamos\" \/>\n<meta property=\"og:url\" content=\"https:\/\/pachakamani.com\/podcast\/revista-cultural-multimedia-pachakamani\/\" \/>\n<meta property=\"og:site_name\" content=\"PachaKamani-Radio\" \/>\n<meta property=\"article:published_time\" content=\"2011-07-18T22:23:00+00:00\" \/>\n<meta property=\"article:modified_time\" content=\"2023-05-28T11:47:22+00:00\" \/>\n<meta property=\"og:image\" content=\"https:\/\/pachakamani.com\/podcast\/wp-content\/uploads\/sites\/3\/2011\/07\/revista.jpg\" \/>\n\t<meta property=\"og:image:width\" content=\"480\" \/>\n\t<meta property=\"og:image:height\" content=\"360\" \/>\n\t<meta property=\"og:image:type\" content=\"image\/jpeg\" \/>\n<meta name=\"author\" content=\"Comunidad\" \/>\n<meta name=\"twitter:card\" content=\"summary_large_image\" \/>\n<meta name=\"twitter:label1\" content=\"Escrito por\" \/>\n\t<meta name=\"twitter:data1\" content=\"Comunidad\" \/>\n\t<meta name=\"twitter:label2\" content=\"Tiempo de lectura\" \/>\n\t<meta name=\"twitter:data2\" content=\"3 minutos\" \/>\n<script type=\"application\/ld+json\" class=\"yoast-schema-graph\">{\"@context\":\"https:\\\/\\\/schema.org\",\"@graph\":[{\"@type\":\"Article\",\"@id\":\"https:\\\/\\\/pachakamani.com\\\/podcast\\\/revista-cultural-multimedia-pachakamani\\\/#article\",\"isPartOf\":{\"@id\":\"https:\\\/\\\/pachakamani.com\\\/podcast\\\/revista-cultural-multimedia-pachakamani\\\/\"},\"author\":{\"name\":\"Comunidad\",\"@id\":\"https:\\\/\\\/pachakamani.com\\\/podcast\\\/#\\\/schema\\\/person\\\/7871fc62b8c52d2ac335b123eeb73b49\"},\"headline\":\"Revista Cultural Multimedia: \u201cPachaKamani\u201d\",\"datePublished\":\"2011-07-18T22:23:00+00:00\",\"dateModified\":\"2023-05-28T11:47:22+00:00\",\"mainEntityOfPage\":{\"@id\":\"https:\\\/\\\/pachakamani.com\\\/podcast\\\/revista-cultural-multimedia-pachakamani\\\/\"},\"wordCount\":537,\"commentCount\":2,\"publisher\":{\"@id\":\"https:\\\/\\\/pachakamani.com\\\/podcast\\\/#organization\"},\"image\":{\"@id\":\"https:\\\/\\\/pachakamani.com\\\/podcast\\\/revista-cultural-multimedia-pachakamani\\\/#primaryimage\"},\"thumbnailUrl\":\"https:\\\/\\\/pachakamani.com\\\/podcast\\\/wp-content\\\/uploads\\\/sites\\\/3\\\/2011\\\/07\\\/revista.jpg\",\"keywords\":[\"antropolog\u00eda\",\"arte textil\"],\"articleSection\":[\"Arte textil\",\"Etnomusicolog\u00eda\",\"Instrumentos musicales\",\"Investigaci\u00f3n\",\"Ritualidad festividad\"],\"inLanguage\":\"es\",\"potentialAction\":[{\"@type\":\"CommentAction\",\"name\":\"Comment\",\"target\":[\"https:\\\/\\\/pachakamani.com\\\/podcast\\\/revista-cultural-multimedia-pachakamani\\\/#respond\"]}]},{\"@type\":\"WebPage\",\"@id\":\"https:\\\/\\\/pachakamani.com\\\/podcast\\\/revista-cultural-multimedia-pachakamani\\\/\",\"url\":\"https:\\\/\\\/pachakamani.com\\\/podcast\\\/revista-cultural-multimedia-pachakamani\\\/\",\"name\":\"Revista Cultural Multimedia: \u201cPachaKamani\u201d - PachaKamani-Radio\",\"isPartOf\":{\"@id\":\"https:\\\/\\\/pachakamani.com\\\/podcast\\\/#website\"},\"primaryImageOfPage\":{\"@id\":\"https:\\\/\\\/pachakamani.com\\\/podcast\\\/revista-cultural-multimedia-pachakamani\\\/#primaryimage\"},\"image\":{\"@id\":\"https:\\\/\\\/pachakamani.com\\\/podcast\\\/revista-cultural-multimedia-pachakamani\\\/#primaryimage\"},\"thumbnailUrl\":\"https:\\\/\\\/pachakamani.com\\\/podcast\\\/wp-content\\\/uploads\\\/sites\\\/3\\\/2011\\\/07\\\/revista.jpg\",\"datePublished\":\"2011-07-18T22:23:00+00:00\",\"dateModified\":\"2023-05-28T11:47:22+00:00\",\"description\":\"Revista Cultural Multimedia: \u201cPachaKamani\u201d A\u00f1o: I \u2014 N\u00ba 001, Junio 2011, La Paz\u2014Bolivia, Formato: DVD-ROOM Recientemente, en el mes de mayo, celebr\u00e1bamos\",\"breadcrumb\":{\"@id\":\"https:\\\/\\\/pachakamani.com\\\/podcast\\\/revista-cultural-multimedia-pachakamani\\\/#breadcrumb\"},\"inLanguage\":\"es\",\"potentialAction\":[{\"@type\":\"ReadAction\",\"target\":[\"https:\\\/\\\/pachakamani.com\\\/podcast\\\/revista-cultural-multimedia-pachakamani\\\/\"]}]},{\"@type\":\"ImageObject\",\"inLanguage\":\"es\",\"@id\":\"https:\\\/\\\/pachakamani.com\\\/podcast\\\/revista-cultural-multimedia-pachakamani\\\/#primaryimage\",\"url\":\"https:\\\/\\\/pachakamani.com\\\/podcast\\\/wp-content\\\/uploads\\\/sites\\\/3\\\/2011\\\/07\\\/revista.jpg\",\"contentUrl\":\"https:\\\/\\\/pachakamani.com\\\/podcast\\\/wp-content\\\/uploads\\\/sites\\\/3\\\/2011\\\/07\\\/revista.jpg\",\"width\":480,\"height\":360},{\"@type\":\"BreadcrumbList\",\"@id\":\"https:\\\/\\\/pachakamani.com\\\/podcast\\\/revista-cultural-multimedia-pachakamani\\\/#breadcrumb\",\"itemListElement\":[{\"@type\":\"ListItem\",\"position\":1,\"name\":\"Portada\",\"item\":\"https:\\\/\\\/pachakamani.com\\\/podcast\\\/\"},{\"@type\":\"ListItem\",\"position\":2,\"name\":\"Revista Cultural Multimedia: \u201cPachaKamani\u201d\"}]},{\"@type\":\"WebSite\",\"@id\":\"https:\\\/\\\/pachakamani.com\\\/podcast\\\/#website\",\"url\":\"https:\\\/\\\/pachakamani.com\\\/podcast\\\/\",\"name\":\"PachaKamani-Radio\",\"description\":\"El podcast de PachaKamani\",\"publisher\":{\"@id\":\"https:\\\/\\\/pachakamani.com\\\/podcast\\\/#organization\"},\"potentialAction\":[{\"@type\":\"SearchAction\",\"target\":{\"@type\":\"EntryPoint\",\"urlTemplate\":\"https:\\\/\\\/pachakamani.com\\\/podcast\\\/?s={search_term_string}\"},\"query-input\":{\"@type\":\"PropertyValueSpecification\",\"valueRequired\":true,\"valueName\":\"search_term_string\"}}],\"inLanguage\":\"es\"},{\"@type\":\"Organization\",\"@id\":\"https:\\\/\\\/pachakamani.com\\\/podcast\\\/#organization\",\"name\":\"PachaKamani-Radio\",\"url\":\"https:\\\/\\\/pachakamani.com\\\/podcast\\\/\",\"logo\":{\"@type\":\"ImageObject\",\"inLanguage\":\"es\",\"@id\":\"https:\\\/\\\/pachakamani.com\\\/podcast\\\/#\\\/schema\\\/logo\\\/image\\\/\",\"url\":\"https:\\\/\\\/pachakamani.com\\\/podcast\\\/wp-content\\\/uploads\\\/sites\\\/3\\\/2020\\\/07\\\/Logo-Kamani-2020-radio-alta-e1594269904981.jpg\",\"contentUrl\":\"https:\\\/\\\/pachakamani.com\\\/podcast\\\/wp-content\\\/uploads\\\/sites\\\/3\\\/2020\\\/07\\\/Logo-Kamani-2020-radio-alta-e1594269904981.jpg\",\"width\":500,\"height\":500,\"caption\":\"PachaKamani-Radio\"},\"image\":{\"@id\":\"https:\\\/\\\/pachakamani.com\\\/podcast\\\/#\\\/schema\\\/logo\\\/image\\\/\"}},{\"@type\":\"Person\",\"@id\":\"https:\\\/\\\/pachakamani.com\\\/podcast\\\/#\\\/schema\\\/person\\\/7871fc62b8c52d2ac335b123eeb73b49\",\"name\":\"Comunidad\",\"image\":{\"@type\":\"ImageObject\",\"inLanguage\":\"es\",\"@id\":\"https:\\\/\\\/secure.gravatar.com\\\/avatar\\\/91f602314b28e833d75397cbdfb1ea0454adc6b98929fd665e0c479626fd1391?s=96&d=mm&r=g\",\"url\":\"https:\\\/\\\/secure.gravatar.com\\\/avatar\\\/91f602314b28e833d75397cbdfb1ea0454adc6b98929fd665e0c479626fd1391?s=96&d=mm&r=g\",\"contentUrl\":\"https:\\\/\\\/secure.gravatar.com\\\/avatar\\\/91f602314b28e833d75397cbdfb1ea0454adc6b98929fd665e0c479626fd1391?s=96&d=mm&r=g\",\"caption\":\"Comunidad\"}}]}<\/script>\n<!-- \/ Yoast SEO plugin. -->","yoast_head_json":{"title":"Revista Cultural Multimedia: \u201cPachaKamani\u201d - PachaKamani-Radio","description":"Revista Cultural Multimedia: \u201cPachaKamani\u201d A\u00f1o: I \u2014 N\u00ba 001, Junio 2011, La Paz\u2014Bolivia, Formato: DVD-ROOM Recientemente, en el mes de mayo, celebr\u00e1bamos","robots":{"index":"index","follow":"follow","max-snippet":"max-snippet:-1","max-image-preview":"max-image-preview:large","max-video-preview":"max-video-preview:-1"},"canonical":"https:\/\/pachakamani.com\/podcast\/revista-cultural-multimedia-pachakamani\/","og_locale":"es_ES","og_type":"article","og_title":"Revista Cultural Multimedia: \u201cPachaKamani\u201d - PachaKamani-Radio","og_description":"Revista Cultural Multimedia: \u201cPachaKamani\u201d A\u00f1o: I \u2014 N\u00ba 001, Junio 2011, La Paz\u2014Bolivia, Formato: DVD-ROOM Recientemente, en el mes de mayo, celebr\u00e1bamos","og_url":"https:\/\/pachakamani.com\/podcast\/revista-cultural-multimedia-pachakamani\/","og_site_name":"PachaKamani-Radio","article_published_time":"2011-07-18T22:23:00+00:00","article_modified_time":"2023-05-28T11:47:22+00:00","og_image":[{"width":480,"height":360,"url":"https:\/\/pachakamani.com\/podcast\/wp-content\/uploads\/sites\/3\/2011\/07\/revista.jpg","type":"image\/jpeg"}],"author":"Comunidad","twitter_card":"summary_large_image","twitter_misc":{"Escrito por":"Comunidad","Tiempo de lectura":"3 minutos"},"schema":{"@context":"https:\/\/schema.org","@graph":[{"@type":"Article","@id":"https:\/\/pachakamani.com\/podcast\/revista-cultural-multimedia-pachakamani\/#article","isPartOf":{"@id":"https:\/\/pachakamani.com\/podcast\/revista-cultural-multimedia-pachakamani\/"},"author":{"name":"Comunidad","@id":"https:\/\/pachakamani.com\/podcast\/#\/schema\/person\/7871fc62b8c52d2ac335b123eeb73b49"},"headline":"Revista Cultural Multimedia: \u201cPachaKamani\u201d","datePublished":"2011-07-18T22:23:00+00:00","dateModified":"2023-05-28T11:47:22+00:00","mainEntityOfPage":{"@id":"https:\/\/pachakamani.com\/podcast\/revista-cultural-multimedia-pachakamani\/"},"wordCount":537,"commentCount":2,"publisher":{"@id":"https:\/\/pachakamani.com\/podcast\/#organization"},"image":{"@id":"https:\/\/pachakamani.com\/podcast\/revista-cultural-multimedia-pachakamani\/#primaryimage"},"thumbnailUrl":"https:\/\/pachakamani.com\/podcast\/wp-content\/uploads\/sites\/3\/2011\/07\/revista.jpg","keywords":["antropolog\u00eda","arte textil"],"articleSection":["Arte textil","Etnomusicolog\u00eda","Instrumentos musicales","Investigaci\u00f3n","Ritualidad festividad"],"inLanguage":"es","potentialAction":[{"@type":"CommentAction","name":"Comment","target":["https:\/\/pachakamani.com\/podcast\/revista-cultural-multimedia-pachakamani\/#respond"]}]},{"@type":"WebPage","@id":"https:\/\/pachakamani.com\/podcast\/revista-cultural-multimedia-pachakamani\/","url":"https:\/\/pachakamani.com\/podcast\/revista-cultural-multimedia-pachakamani\/","name":"Revista Cultural Multimedia: \u201cPachaKamani\u201d - PachaKamani-Radio","isPartOf":{"@id":"https:\/\/pachakamani.com\/podcast\/#website"},"primaryImageOfPage":{"@id":"https:\/\/pachakamani.com\/podcast\/revista-cultural-multimedia-pachakamani\/#primaryimage"},"image":{"@id":"https:\/\/pachakamani.com\/podcast\/revista-cultural-multimedia-pachakamani\/#primaryimage"},"thumbnailUrl":"https:\/\/pachakamani.com\/podcast\/wp-content\/uploads\/sites\/3\/2011\/07\/revista.jpg","datePublished":"2011-07-18T22:23:00+00:00","dateModified":"2023-05-28T11:47:22+00:00","description":"Revista Cultural Multimedia: \u201cPachaKamani\u201d A\u00f1o: I \u2014 N\u00ba 001, Junio 2011, La Paz\u2014Bolivia, Formato: DVD-ROOM Recientemente, en el mes de mayo, celebr\u00e1bamos","breadcrumb":{"@id":"https:\/\/pachakamani.com\/podcast\/revista-cultural-multimedia-pachakamani\/#breadcrumb"},"inLanguage":"es","potentialAction":[{"@type":"ReadAction","target":["https:\/\/pachakamani.com\/podcast\/revista-cultural-multimedia-pachakamani\/"]}]},{"@type":"ImageObject","inLanguage":"es","@id":"https:\/\/pachakamani.com\/podcast\/revista-cultural-multimedia-pachakamani\/#primaryimage","url":"https:\/\/pachakamani.com\/podcast\/wp-content\/uploads\/sites\/3\/2011\/07\/revista.jpg","contentUrl":"https:\/\/pachakamani.com\/podcast\/wp-content\/uploads\/sites\/3\/2011\/07\/revista.jpg","width":480,"height":360},{"@type":"BreadcrumbList","@id":"https:\/\/pachakamani.com\/podcast\/revista-cultural-multimedia-pachakamani\/#breadcrumb","itemListElement":[{"@type":"ListItem","position":1,"name":"Portada","item":"https:\/\/pachakamani.com\/podcast\/"},{"@type":"ListItem","position":2,"name":"Revista Cultural Multimedia: \u201cPachaKamani\u201d"}]},{"@type":"WebSite","@id":"https:\/\/pachakamani.com\/podcast\/#website","url":"https:\/\/pachakamani.com\/podcast\/","name":"PachaKamani-Radio","description":"El podcast de PachaKamani","publisher":{"@id":"https:\/\/pachakamani.com\/podcast\/#organization"},"potentialAction":[{"@type":"SearchAction","target":{"@type":"EntryPoint","urlTemplate":"https:\/\/pachakamani.com\/podcast\/?s={search_term_string}"},"query-input":{"@type":"PropertyValueSpecification","valueRequired":true,"valueName":"search_term_string"}}],"inLanguage":"es"},{"@type":"Organization","@id":"https:\/\/pachakamani.com\/podcast\/#organization","name":"PachaKamani-Radio","url":"https:\/\/pachakamani.com\/podcast\/","logo":{"@type":"ImageObject","inLanguage":"es","@id":"https:\/\/pachakamani.com\/podcast\/#\/schema\/logo\/image\/","url":"https:\/\/pachakamani.com\/podcast\/wp-content\/uploads\/sites\/3\/2020\/07\/Logo-Kamani-2020-radio-alta-e1594269904981.jpg","contentUrl":"https:\/\/pachakamani.com\/podcast\/wp-content\/uploads\/sites\/3\/2020\/07\/Logo-Kamani-2020-radio-alta-e1594269904981.jpg","width":500,"height":500,"caption":"PachaKamani-Radio"},"image":{"@id":"https:\/\/pachakamani.com\/podcast\/#\/schema\/logo\/image\/"}},{"@type":"Person","@id":"https:\/\/pachakamani.com\/podcast\/#\/schema\/person\/7871fc62b8c52d2ac335b123eeb73b49","name":"Comunidad","image":{"@type":"ImageObject","inLanguage":"es","@id":"https:\/\/secure.gravatar.com\/avatar\/91f602314b28e833d75397cbdfb1ea0454adc6b98929fd665e0c479626fd1391?s=96&d=mm&r=g","url":"https:\/\/secure.gravatar.com\/avatar\/91f602314b28e833d75397cbdfb1ea0454adc6b98929fd665e0c479626fd1391?s=96&d=mm&r=g","contentUrl":"https:\/\/secure.gravatar.com\/avatar\/91f602314b28e833d75397cbdfb1ea0454adc6b98929fd665e0c479626fd1391?s=96&d=mm&r=g","caption":"Comunidad"}}]}},"_links":{"self":[{"href":"https:\/\/pachakamani.com\/podcast\/wp-json\/wp\/v2\/posts\/217","targetHints":{"allow":["GET"]}}],"collection":[{"href":"https:\/\/pachakamani.com\/podcast\/wp-json\/wp\/v2\/posts"}],"about":[{"href":"https:\/\/pachakamani.com\/podcast\/wp-json\/wp\/v2\/types\/post"}],"author":[{"embeddable":true,"href":"https:\/\/pachakamani.com\/podcast\/wp-json\/wp\/v2\/users\/2"}],"replies":[{"embeddable":true,"href":"https:\/\/pachakamani.com\/podcast\/wp-json\/wp\/v2\/comments?post=217"}],"version-history":[{"count":1,"href":"https:\/\/pachakamani.com\/podcast\/wp-json\/wp\/v2\/posts\/217\/revisions"}],"predecessor-version":[{"id":886,"href":"https:\/\/pachakamani.com\/podcast\/wp-json\/wp\/v2\/posts\/217\/revisions\/886"}],"wp:featuredmedia":[{"embeddable":true,"href":"https:\/\/pachakamani.com\/podcast\/wp-json\/wp\/v2\/media\/885"}],"wp:attachment":[{"href":"https:\/\/pachakamani.com\/podcast\/wp-json\/wp\/v2\/media?parent=217"}],"wp:term":[{"taxonomy":"category","embeddable":true,"href":"https:\/\/pachakamani.com\/podcast\/wp-json\/wp\/v2\/categories?post=217"},{"taxonomy":"post_tag","embeddable":true,"href":"https:\/\/pachakamani.com\/podcast\/wp-json\/wp\/v2\/tags?post=217"}],"curies":[{"name":"wp","href":"https:\/\/api.w.org\/{rel}","templated":true}]}}