{"id":144,"date":"2020-05-02T07:44:00","date_gmt":"2020-05-02T07:44:00","guid":{"rendered":"https:\/\/pachakamani.com\/podcast\/2020\/05\/02\/ep-10-jula-julas-y-charangos-dinamicas-musicales-del-tinku-y-la-fiesta-del-3-de-mayo\/"},"modified":"2023-05-28T08:12:49","modified_gmt":"2023-05-28T12:12:49","slug":"ep-10-jula-julas-y-charangos-dinamicas-musicales-del-tinku-y-la-fiesta-del-3-de-mayo","status":"publish","type":"post","link":"https:\/\/pachakamani.com\/podcast\/ep-10-jula-julas-y-charangos-dinamicas-musicales-del-tinku-y-la-fiesta-del-3-de-mayo\/","title":{"rendered":"Ep # 10. Jula julas y charangos. Din\u00e1micas musicales del Tinku y la fiesta del 3 de Mayo"},"content":{"rendered":"\n<iframe src=\"https:\/\/embed.acast.com\/5ec1a7390565f024568322ca\/5ec1a753505ab7261e85e188\" frameBorder=\"0\" width=\"100%\" height=\"190px\"><\/iframe>\n\n\n\n<p>En este episodio hablaremos sobre la fiesta del 3 de Mayo y una parte de la m\u00fasica ejecutada por comunidades quechuas, en la regi\u00f3n del Norte de Potos\u00ed, en Bolivia.<\/p>\n\n\n\n<p>Intentaremos responder una pregunta \u00bfQu\u00e9 es el Tinku? Planteamos una l\u00ednea hipot\u00e9tica que d\u00e9 una idea sobre el proceso de din\u00e1mica musical del Tinku: A partir del tinku ancestral, y su contexto festivo y rural; los grupos folkl\u00f3ricos urbanos lo reinterpretaron como \u00abritmo\u00bb musical (entre los &#8217;70 y &#8217;80), hasta que finalmente se consolid\u00f3 como una \u00abforma de danza\u00bb impulsada por ballets folkl\u00f3ricos (elencos) tambi\u00e9n urbanos, desde los noventa, hasta la actualidad.<\/p>\n\n\n\n<figure class=\"wp-block-image\"><img decoding=\"async\" src=\"https:\/\/pachakamani.com\/podcast\/wp-content\/uploads\/sites\/3\/2020\/07\/Ep10-Jula-Jula-Tinku-Podcast-1024x1024.jpg\" alt=\"Jula Jula de Norte de Potos\u00ed, Bolivia\"\/><\/figure>\n\n\n\n<p>Para este Episodio nos fuimos a los archivos de PachaKamani, donde extrajimos una grabaci\u00f3n de junio de 2018, la cual hicimos con Tawit Lipan (comunicador aymara) de Radio Culturas.<\/p>\n\n\n\n<p>La fiesta del 3 de Mayo o fiesta de la Cruz, tambi\u00e9n es llamada Churi fiesta, la fiesta del Tata Wila Cruz, o la fiesta del Tinku. Luego abordamos las siguientes preguntas: \u00bfQu\u00e9 es el Jula Jula? \u00bfC\u00f3mo podemos reconocer esta m\u00fasica? \u00bfQu\u00e9 diferencia o relaci\u00f3n hay entre el tinku y el Jula Jula? \u00bfEl Jula Jula y su m\u00fasica a\u00fan es transmitido de generaci\u00f3n en generaci\u00f3n? \u00bfC\u00f3mo estamos en Bolivia en el tema de registros o el rescate de las m\u00fasicas ancestrales y originarias?<\/p>\n\n\n\n<p>Por otro lado, el mes de mayo tiene mucha importancia para PachaKamani, ya que celebramos un aniversario m\u00e1s de creaci\u00f3n de nuestro Colectivo. Fue un primero de mayo de 2005 que nuestro proyecto dio sus primeros pasos y nos alegra mucho continuar hasta ahora.<\/p>\n\n\n\n<p>Incorporamos en el PodCast el <b>Segmento \u00abPaisaje Sonoro\u00bb<\/b>: Con una grabaci\u00f3n realizada el 26 de marzo del 2020, se escucha c\u00f3mo la polic\u00eda municipal y efectivos policiales, desalojan a las vendedoras ubicadas al rededor del Mercado Rodr\u00edguez (La Paz). Lugar d\u00f3nde se venden frutas, verduras y otros productos principalmente alimenticios.<\/p>\n\n\n\n<p>Audios utilizados en el episodio:\u00a0<\/p>\n\n\n\n<p>-Fundaci\u00f3n Sim\u00f3n I. Pati\u00f1o, E. (1991). M\u00fasica aut\u00f3ctona del Norte de Potos\u00ed (Disco de vinilo). Fundaci\u00f3n Sim\u00f3n I. Pati\u00f1o\/Centro pedag\u00f3gico y cultural Portales\/CENDOC-MB.<br>-Fiesta de la Cruz. Tonada &#8211; Grabaci\u00f3n de campo de Daniel Villavicencio. (2001). El Charango en las Manifestaciones culturales rec\u00f3nditas. Abya Yala.<br>-Jatun runa (1986) Savia Andina-Tinkuna (1980) Savia Andina<br>-Tinkus Pall Pall (2004) Banda Espectacular Pagador de Oruro.<br>-Wistu Vida &#8211; Tinkus.\u00a0<\/p>\n\n\n\n<p>Cortina musical fragmento de: \u00abLatidos Sonoros\u00bb de Phusiri:https:\/\/soundcloud.com\/phusiri\/latidos-sonoros.<\/p>\n\n\n\n<p>Cont\u00e1ctanos en:\u00a0https:\/\/pachakamani.com\/<\/p>\n","protected":false},"excerpt":{"rendered":"<p>En este episodio hablaremos sobre la fiesta del 3 de Mayo y una parte de la m\u00fasica ejecutada por comunidades quechuas, en la regi\u00f3n del Norte de Potos\u00ed, en Bolivia. Intentaremos responder una pregunta \u00bfQu\u00e9 es el Tinku? Planteamos una l\u00ednea hipot\u00e9tica que d\u00e9 una idea sobre el proceso de din\u00e1mica musical del Tinku: A [&hellip;]<\/p>\n","protected":false},"author":2,"featured_media":27,"comment_status":"open","ping_status":"open","sticky":false,"template":"","format":"standard","meta":{"site-sidebar-layout":"default","site-content-layout":"default","ast-site-content-layout":"default","site-content-style":"default","site-sidebar-style":"default","ast-global-header-display":"","ast-banner-title-visibility":"","ast-main-header-display":"","ast-hfb-above-header-display":"","ast-hfb-below-header-display":"","ast-hfb-mobile-header-display":"","site-post-title":"","ast-breadcrumbs-content":"","ast-featured-img":"","footer-sml-layout":"","ast-disable-related-posts":"","theme-transparent-header-meta":"default","adv-header-id-meta":"","stick-header-meta":"","header-above-stick-meta":"","header-main-stick-meta":"","header-below-stick-meta":"","astra-migrate-meta-layouts":"default","ast-page-background-enabled":"default","ast-page-background-meta":{"desktop":{"background-color":"","background-image":"","background-repeat":"repeat","background-position":"center center","background-size":"auto","background-attachment":"scroll","background-type":"","background-media":"","overlay-type":"","overlay-color":"","overlay-opacity":"","overlay-gradient":""},"tablet":{"background-color":"","background-image":"","background-repeat":"repeat","background-position":"center center","background-size":"auto","background-attachment":"scroll","background-type":"","background-media":"","overlay-type":"","overlay-color":"","overlay-opacity":"","overlay-gradient":""},"mobile":{"background-color":"","background-image":"","background-repeat":"repeat","background-position":"center center","background-size":"auto","background-attachment":"scroll","background-type":"","background-media":"","overlay-type":"","overlay-color":"","overlay-opacity":"","overlay-gradient":""}},"ast-content-background-meta":{"desktop":{"background-color":"var(--ast-global-color-5)","background-image":"","background-repeat":"repeat","background-position":"center center","background-size":"auto","background-attachment":"scroll","background-type":"","background-media":"","overlay-type":"","overlay-color":"","overlay-opacity":"","overlay-gradient":""},"tablet":{"background-color":"var(--ast-global-color-5)","background-image":"","background-repeat":"repeat","background-position":"center center","background-size":"auto","background-attachment":"scroll","background-type":"","background-media":"","overlay-type":"","overlay-color":"","overlay-opacity":"","overlay-gradient":""},"mobile":{"background-color":"var(--ast-global-color-5)","background-image":"","background-repeat":"repeat","background-position":"center center","background-size":"auto","background-attachment":"scroll","background-type":"","background-media":"","overlay-type":"","overlay-color":"","overlay-opacity":"","overlay-gradient":""}},"footnotes":""},"categories":[3,4,8,9],"tags":[13,27,34,40,46],"class_list":["post-144","post","type-post","status-publish","format-standard","has-post-thumbnail","hentry","category-etnomusicologia","category-instrumentos-musicales","category-paisaje-sonoro","category-podcast","tag-3-de-mayo","tag-charango","tag-fiesta","tag-jula-jula","tag-norte-de-potosi"],"yoast_head":"<!-- This site is optimized with the Yoast SEO plugin v27.4 - https:\/\/yoast.com\/product\/yoast-seo-wordpress\/ -->\n<title>Ep # 10. Jula julas y charangos. Din\u00e1micas musicales del Tinku y la fiesta del 3 de Mayo - PachaKamani-Radio<\/title>\n<meta name=\"description\" content=\"Jula julas y charangos. Din\u00e1micas musicales del Tinku y la fiesta del 3 de Mayo (Norte de Potos\u00ed, Bolivia) Podcast 10\" \/>\n<meta name=\"robots\" content=\"index, follow, max-snippet:-1, max-image-preview:large, max-video-preview:-1\" \/>\n<link rel=\"canonical\" href=\"https:\/\/pachakamani.com\/podcast\/ep-10-jula-julas-y-charangos-dinamicas-musicales-del-tinku-y-la-fiesta-del-3-de-mayo\/\" \/>\n<meta property=\"og:locale\" content=\"es_ES\" \/>\n<meta property=\"og:type\" content=\"article\" \/>\n<meta property=\"og:title\" content=\"Ep # 10. Jula julas y charangos. Din\u00e1micas musicales del Tinku y la fiesta del 3 de Mayo - PachaKamani-Radio\" \/>\n<meta property=\"og:description\" content=\"Jula julas y charangos. Din\u00e1micas musicales del Tinku y la fiesta del 3 de Mayo (Norte de Potos\u00ed, Bolivia) Podcast 10\" \/>\n<meta property=\"og:url\" content=\"https:\/\/pachakamani.com\/podcast\/ep-10-jula-julas-y-charangos-dinamicas-musicales-del-tinku-y-la-fiesta-del-3-de-mayo\/\" \/>\n<meta property=\"og:site_name\" content=\"PachaKamani-Radio\" \/>\n<meta property=\"article:published_time\" content=\"2020-05-02T07:44:00+00:00\" \/>\n<meta property=\"article:modified_time\" content=\"2023-05-28T12:12:49+00:00\" \/>\n<meta property=\"og:image\" content=\"https:\/\/pachakamani.com\/podcast\/wp-content\/uploads\/sites\/3\/2020\/07\/Ep10-Jula-Jula-Tinku-Podcast.jpg\" \/>\n\t<meta property=\"og:image:width\" content=\"1080\" \/>\n\t<meta property=\"og:image:height\" content=\"1080\" \/>\n\t<meta property=\"og:image:type\" content=\"image\/jpeg\" \/>\n<meta name=\"author\" content=\"Comunidad\" \/>\n<meta name=\"twitter:card\" content=\"summary_large_image\" \/>\n<meta name=\"twitter:label1\" content=\"Escrito por\" \/>\n\t<meta name=\"twitter:data1\" content=\"Comunidad\" \/>\n\t<meta name=\"twitter:label2\" content=\"Tiempo de lectura\" \/>\n\t<meta name=\"twitter:data2\" content=\"2 minutos\" \/>\n<script type=\"application\/ld+json\" class=\"yoast-schema-graph\">{\"@context\":\"https:\\\/\\\/schema.org\",\"@graph\":[{\"@type\":\"Article\",\"@id\":\"https:\\\/\\\/pachakamani.com\\\/podcast\\\/ep-10-jula-julas-y-charangos-dinamicas-musicales-del-tinku-y-la-fiesta-del-3-de-mayo\\\/#article\",\"isPartOf\":{\"@id\":\"https:\\\/\\\/pachakamani.com\\\/podcast\\\/ep-10-jula-julas-y-charangos-dinamicas-musicales-del-tinku-y-la-fiesta-del-3-de-mayo\\\/\"},\"author\":{\"name\":\"Comunidad\",\"@id\":\"https:\\\/\\\/pachakamani.com\\\/podcast\\\/#\\\/schema\\\/person\\\/7871fc62b8c52d2ac335b123eeb73b49\"},\"headline\":\"Ep # 10. Jula julas y charangos. Din\u00e1micas musicales del Tinku y la fiesta del 3 de Mayo\",\"datePublished\":\"2020-05-02T07:44:00+00:00\",\"dateModified\":\"2023-05-28T12:12:49+00:00\",\"mainEntityOfPage\":{\"@id\":\"https:\\\/\\\/pachakamani.com\\\/podcast\\\/ep-10-jula-julas-y-charangos-dinamicas-musicales-del-tinku-y-la-fiesta-del-3-de-mayo\\\/\"},\"wordCount\":441,\"commentCount\":3,\"publisher\":{\"@id\":\"https:\\\/\\\/pachakamani.com\\\/podcast\\\/#organization\"},\"image\":{\"@id\":\"https:\\\/\\\/pachakamani.com\\\/podcast\\\/ep-10-jula-julas-y-charangos-dinamicas-musicales-del-tinku-y-la-fiesta-del-3-de-mayo\\\/#primaryimage\"},\"thumbnailUrl\":\"https:\\\/\\\/pachakamani.com\\\/podcast\\\/wp-content\\\/uploads\\\/sites\\\/3\\\/2020\\\/07\\\/Ep10-Jula-Jula-Tinku-Podcast.jpg\",\"keywords\":[\"3 de mayo\",\"charango\",\"fiesta\",\"Jula Jula\",\"norte de Potos\u00ed\"],\"articleSection\":[\"Etnomusicolog\u00eda\",\"Instrumentos musicales\",\"Paisaje sonoro\",\"Podcast\"],\"inLanguage\":\"es\",\"potentialAction\":[{\"@type\":\"CommentAction\",\"name\":\"Comment\",\"target\":[\"https:\\\/\\\/pachakamani.com\\\/podcast\\\/ep-10-jula-julas-y-charangos-dinamicas-musicales-del-tinku-y-la-fiesta-del-3-de-mayo\\\/#respond\"]}]},{\"@type\":[\"WebPage\",\"ItemPage\"],\"@id\":\"https:\\\/\\\/pachakamani.com\\\/podcast\\\/ep-10-jula-julas-y-charangos-dinamicas-musicales-del-tinku-y-la-fiesta-del-3-de-mayo\\\/\",\"url\":\"https:\\\/\\\/pachakamani.com\\\/podcast\\\/ep-10-jula-julas-y-charangos-dinamicas-musicales-del-tinku-y-la-fiesta-del-3-de-mayo\\\/\",\"name\":\"Ep # 10. Jula julas y charangos. Din\u00e1micas musicales del Tinku y la fiesta del 3 de Mayo - PachaKamani-Radio\",\"isPartOf\":{\"@id\":\"https:\\\/\\\/pachakamani.com\\\/podcast\\\/#website\"},\"primaryImageOfPage\":{\"@id\":\"https:\\\/\\\/pachakamani.com\\\/podcast\\\/ep-10-jula-julas-y-charangos-dinamicas-musicales-del-tinku-y-la-fiesta-del-3-de-mayo\\\/#primaryimage\"},\"image\":{\"@id\":\"https:\\\/\\\/pachakamani.com\\\/podcast\\\/ep-10-jula-julas-y-charangos-dinamicas-musicales-del-tinku-y-la-fiesta-del-3-de-mayo\\\/#primaryimage\"},\"thumbnailUrl\":\"https:\\\/\\\/pachakamani.com\\\/podcast\\\/wp-content\\\/uploads\\\/sites\\\/3\\\/2020\\\/07\\\/Ep10-Jula-Jula-Tinku-Podcast.jpg\",\"datePublished\":\"2020-05-02T07:44:00+00:00\",\"dateModified\":\"2023-05-28T12:12:49+00:00\",\"description\":\"Jula julas y charangos. Din\u00e1micas musicales del Tinku y la fiesta del 3 de Mayo (Norte de Potos\u00ed, Bolivia) Podcast 10\",\"breadcrumb\":{\"@id\":\"https:\\\/\\\/pachakamani.com\\\/podcast\\\/ep-10-jula-julas-y-charangos-dinamicas-musicales-del-tinku-y-la-fiesta-del-3-de-mayo\\\/#breadcrumb\"},\"inLanguage\":\"es\",\"potentialAction\":[{\"@type\":\"ReadAction\",\"target\":[\"https:\\\/\\\/pachakamani.com\\\/podcast\\\/ep-10-jula-julas-y-charangos-dinamicas-musicales-del-tinku-y-la-fiesta-del-3-de-mayo\\\/\"]}]},{\"@type\":\"ImageObject\",\"inLanguage\":\"es\",\"@id\":\"https:\\\/\\\/pachakamani.com\\\/podcast\\\/ep-10-jula-julas-y-charangos-dinamicas-musicales-del-tinku-y-la-fiesta-del-3-de-mayo\\\/#primaryimage\",\"url\":\"https:\\\/\\\/pachakamani.com\\\/podcast\\\/wp-content\\\/uploads\\\/sites\\\/3\\\/2020\\\/07\\\/Ep10-Jula-Jula-Tinku-Podcast.jpg\",\"contentUrl\":\"https:\\\/\\\/pachakamani.com\\\/podcast\\\/wp-content\\\/uploads\\\/sites\\\/3\\\/2020\\\/07\\\/Ep10-Jula-Jula-Tinku-Podcast.jpg\",\"width\":1080,\"height\":1080,\"caption\":\"Episodio #10\"},{\"@type\":\"BreadcrumbList\",\"@id\":\"https:\\\/\\\/pachakamani.com\\\/podcast\\\/ep-10-jula-julas-y-charangos-dinamicas-musicales-del-tinku-y-la-fiesta-del-3-de-mayo\\\/#breadcrumb\",\"itemListElement\":[{\"@type\":\"ListItem\",\"position\":1,\"name\":\"Portada\",\"item\":\"https:\\\/\\\/pachakamani.com\\\/podcast\\\/\"},{\"@type\":\"ListItem\",\"position\":2,\"name\":\"Ep # 10. Jula julas y charangos. Din\u00e1micas musicales del Tinku y la fiesta del 3 de Mayo\"}]},{\"@type\":\"WebSite\",\"@id\":\"https:\\\/\\\/pachakamani.com\\\/podcast\\\/#website\",\"url\":\"https:\\\/\\\/pachakamani.com\\\/podcast\\\/\",\"name\":\"PachaKamani-Radio\",\"description\":\"El podcast de PachaKamani\",\"publisher\":{\"@id\":\"https:\\\/\\\/pachakamani.com\\\/podcast\\\/#organization\"},\"potentialAction\":[{\"@type\":\"SearchAction\",\"target\":{\"@type\":\"EntryPoint\",\"urlTemplate\":\"https:\\\/\\\/pachakamani.com\\\/podcast\\\/?s={search_term_string}\"},\"query-input\":{\"@type\":\"PropertyValueSpecification\",\"valueRequired\":true,\"valueName\":\"search_term_string\"}}],\"inLanguage\":\"es\"},{\"@type\":\"Organization\",\"@id\":\"https:\\\/\\\/pachakamani.com\\\/podcast\\\/#organization\",\"name\":\"PachaKamani-Radio\",\"url\":\"https:\\\/\\\/pachakamani.com\\\/podcast\\\/\",\"logo\":{\"@type\":\"ImageObject\",\"inLanguage\":\"es\",\"@id\":\"https:\\\/\\\/pachakamani.com\\\/podcast\\\/#\\\/schema\\\/logo\\\/image\\\/\",\"url\":\"https:\\\/\\\/pachakamani.com\\\/podcast\\\/wp-content\\\/uploads\\\/sites\\\/3\\\/2020\\\/07\\\/Logo-Kamani-2020-radio-alta-e1594269904981.jpg\",\"contentUrl\":\"https:\\\/\\\/pachakamani.com\\\/podcast\\\/wp-content\\\/uploads\\\/sites\\\/3\\\/2020\\\/07\\\/Logo-Kamani-2020-radio-alta-e1594269904981.jpg\",\"width\":500,\"height\":500,\"caption\":\"PachaKamani-Radio\"},\"image\":{\"@id\":\"https:\\\/\\\/pachakamani.com\\\/podcast\\\/#\\\/schema\\\/logo\\\/image\\\/\"}},{\"@type\":\"Person\",\"@id\":\"https:\\\/\\\/pachakamani.com\\\/podcast\\\/#\\\/schema\\\/person\\\/7871fc62b8c52d2ac335b123eeb73b49\",\"name\":\"Comunidad\",\"image\":{\"@type\":\"ImageObject\",\"inLanguage\":\"es\",\"@id\":\"https:\\\/\\\/secure.gravatar.com\\\/avatar\\\/91f602314b28e833d75397cbdfb1ea0454adc6b98929fd665e0c479626fd1391?s=96&d=mm&r=g\",\"url\":\"https:\\\/\\\/secure.gravatar.com\\\/avatar\\\/91f602314b28e833d75397cbdfb1ea0454adc6b98929fd665e0c479626fd1391?s=96&d=mm&r=g\",\"contentUrl\":\"https:\\\/\\\/secure.gravatar.com\\\/avatar\\\/91f602314b28e833d75397cbdfb1ea0454adc6b98929fd665e0c479626fd1391?s=96&d=mm&r=g\",\"caption\":\"Comunidad\"}}]}<\/script>\n<!-- \/ Yoast SEO plugin. -->","yoast_head_json":{"title":"Ep # 10. Jula julas y charangos. Din\u00e1micas musicales del Tinku y la fiesta del 3 de Mayo - PachaKamani-Radio","description":"Jula julas y charangos. Din\u00e1micas musicales del Tinku y la fiesta del 3 de Mayo (Norte de Potos\u00ed, Bolivia) Podcast 10","robots":{"index":"index","follow":"follow","max-snippet":"max-snippet:-1","max-image-preview":"max-image-preview:large","max-video-preview":"max-video-preview:-1"},"canonical":"https:\/\/pachakamani.com\/podcast\/ep-10-jula-julas-y-charangos-dinamicas-musicales-del-tinku-y-la-fiesta-del-3-de-mayo\/","og_locale":"es_ES","og_type":"article","og_title":"Ep # 10. Jula julas y charangos. Din\u00e1micas musicales del Tinku y la fiesta del 3 de Mayo - PachaKamani-Radio","og_description":"Jula julas y charangos. Din\u00e1micas musicales del Tinku y la fiesta del 3 de Mayo (Norte de Potos\u00ed, Bolivia) Podcast 10","og_url":"https:\/\/pachakamani.com\/podcast\/ep-10-jula-julas-y-charangos-dinamicas-musicales-del-tinku-y-la-fiesta-del-3-de-mayo\/","og_site_name":"PachaKamani-Radio","article_published_time":"2020-05-02T07:44:00+00:00","article_modified_time":"2023-05-28T12:12:49+00:00","og_image":[{"width":1080,"height":1080,"url":"https:\/\/pachakamani.com\/podcast\/wp-content\/uploads\/sites\/3\/2020\/07\/Ep10-Jula-Jula-Tinku-Podcast.jpg","type":"image\/jpeg"}],"author":"Comunidad","twitter_card":"summary_large_image","twitter_misc":{"Escrito por":"Comunidad","Tiempo de lectura":"2 minutos"},"schema":{"@context":"https:\/\/schema.org","@graph":[{"@type":"Article","@id":"https:\/\/pachakamani.com\/podcast\/ep-10-jula-julas-y-charangos-dinamicas-musicales-del-tinku-y-la-fiesta-del-3-de-mayo\/#article","isPartOf":{"@id":"https:\/\/pachakamani.com\/podcast\/ep-10-jula-julas-y-charangos-dinamicas-musicales-del-tinku-y-la-fiesta-del-3-de-mayo\/"},"author":{"name":"Comunidad","@id":"https:\/\/pachakamani.com\/podcast\/#\/schema\/person\/7871fc62b8c52d2ac335b123eeb73b49"},"headline":"Ep # 10. Jula julas y charangos. Din\u00e1micas musicales del Tinku y la fiesta del 3 de Mayo","datePublished":"2020-05-02T07:44:00+00:00","dateModified":"2023-05-28T12:12:49+00:00","mainEntityOfPage":{"@id":"https:\/\/pachakamani.com\/podcast\/ep-10-jula-julas-y-charangos-dinamicas-musicales-del-tinku-y-la-fiesta-del-3-de-mayo\/"},"wordCount":441,"commentCount":3,"publisher":{"@id":"https:\/\/pachakamani.com\/podcast\/#organization"},"image":{"@id":"https:\/\/pachakamani.com\/podcast\/ep-10-jula-julas-y-charangos-dinamicas-musicales-del-tinku-y-la-fiesta-del-3-de-mayo\/#primaryimage"},"thumbnailUrl":"https:\/\/pachakamani.com\/podcast\/wp-content\/uploads\/sites\/3\/2020\/07\/Ep10-Jula-Jula-Tinku-Podcast.jpg","keywords":["3 de mayo","charango","fiesta","Jula Jula","norte de Potos\u00ed"],"articleSection":["Etnomusicolog\u00eda","Instrumentos musicales","Paisaje sonoro","Podcast"],"inLanguage":"es","potentialAction":[{"@type":"CommentAction","name":"Comment","target":["https:\/\/pachakamani.com\/podcast\/ep-10-jula-julas-y-charangos-dinamicas-musicales-del-tinku-y-la-fiesta-del-3-de-mayo\/#respond"]}]},{"@type":["WebPage","ItemPage"],"@id":"https:\/\/pachakamani.com\/podcast\/ep-10-jula-julas-y-charangos-dinamicas-musicales-del-tinku-y-la-fiesta-del-3-de-mayo\/","url":"https:\/\/pachakamani.com\/podcast\/ep-10-jula-julas-y-charangos-dinamicas-musicales-del-tinku-y-la-fiesta-del-3-de-mayo\/","name":"Ep # 10. Jula julas y charangos. Din\u00e1micas musicales del Tinku y la fiesta del 3 de Mayo - PachaKamani-Radio","isPartOf":{"@id":"https:\/\/pachakamani.com\/podcast\/#website"},"primaryImageOfPage":{"@id":"https:\/\/pachakamani.com\/podcast\/ep-10-jula-julas-y-charangos-dinamicas-musicales-del-tinku-y-la-fiesta-del-3-de-mayo\/#primaryimage"},"image":{"@id":"https:\/\/pachakamani.com\/podcast\/ep-10-jula-julas-y-charangos-dinamicas-musicales-del-tinku-y-la-fiesta-del-3-de-mayo\/#primaryimage"},"thumbnailUrl":"https:\/\/pachakamani.com\/podcast\/wp-content\/uploads\/sites\/3\/2020\/07\/Ep10-Jula-Jula-Tinku-Podcast.jpg","datePublished":"2020-05-02T07:44:00+00:00","dateModified":"2023-05-28T12:12:49+00:00","description":"Jula julas y charangos. Din\u00e1micas musicales del Tinku y la fiesta del 3 de Mayo (Norte de Potos\u00ed, Bolivia) Podcast 10","breadcrumb":{"@id":"https:\/\/pachakamani.com\/podcast\/ep-10-jula-julas-y-charangos-dinamicas-musicales-del-tinku-y-la-fiesta-del-3-de-mayo\/#breadcrumb"},"inLanguage":"es","potentialAction":[{"@type":"ReadAction","target":["https:\/\/pachakamani.com\/podcast\/ep-10-jula-julas-y-charangos-dinamicas-musicales-del-tinku-y-la-fiesta-del-3-de-mayo\/"]}]},{"@type":"ImageObject","inLanguage":"es","@id":"https:\/\/pachakamani.com\/podcast\/ep-10-jula-julas-y-charangos-dinamicas-musicales-del-tinku-y-la-fiesta-del-3-de-mayo\/#primaryimage","url":"https:\/\/pachakamani.com\/podcast\/wp-content\/uploads\/sites\/3\/2020\/07\/Ep10-Jula-Jula-Tinku-Podcast.jpg","contentUrl":"https:\/\/pachakamani.com\/podcast\/wp-content\/uploads\/sites\/3\/2020\/07\/Ep10-Jula-Jula-Tinku-Podcast.jpg","width":1080,"height":1080,"caption":"Episodio #10"},{"@type":"BreadcrumbList","@id":"https:\/\/pachakamani.com\/podcast\/ep-10-jula-julas-y-charangos-dinamicas-musicales-del-tinku-y-la-fiesta-del-3-de-mayo\/#breadcrumb","itemListElement":[{"@type":"ListItem","position":1,"name":"Portada","item":"https:\/\/pachakamani.com\/podcast\/"},{"@type":"ListItem","position":2,"name":"Ep # 10. Jula julas y charangos. Din\u00e1micas musicales del Tinku y la fiesta del 3 de Mayo"}]},{"@type":"WebSite","@id":"https:\/\/pachakamani.com\/podcast\/#website","url":"https:\/\/pachakamani.com\/podcast\/","name":"PachaKamani-Radio","description":"El podcast de PachaKamani","publisher":{"@id":"https:\/\/pachakamani.com\/podcast\/#organization"},"potentialAction":[{"@type":"SearchAction","target":{"@type":"EntryPoint","urlTemplate":"https:\/\/pachakamani.com\/podcast\/?s={search_term_string}"},"query-input":{"@type":"PropertyValueSpecification","valueRequired":true,"valueName":"search_term_string"}}],"inLanguage":"es"},{"@type":"Organization","@id":"https:\/\/pachakamani.com\/podcast\/#organization","name":"PachaKamani-Radio","url":"https:\/\/pachakamani.com\/podcast\/","logo":{"@type":"ImageObject","inLanguage":"es","@id":"https:\/\/pachakamani.com\/podcast\/#\/schema\/logo\/image\/","url":"https:\/\/pachakamani.com\/podcast\/wp-content\/uploads\/sites\/3\/2020\/07\/Logo-Kamani-2020-radio-alta-e1594269904981.jpg","contentUrl":"https:\/\/pachakamani.com\/podcast\/wp-content\/uploads\/sites\/3\/2020\/07\/Logo-Kamani-2020-radio-alta-e1594269904981.jpg","width":500,"height":500,"caption":"PachaKamani-Radio"},"image":{"@id":"https:\/\/pachakamani.com\/podcast\/#\/schema\/logo\/image\/"}},{"@type":"Person","@id":"https:\/\/pachakamani.com\/podcast\/#\/schema\/person\/7871fc62b8c52d2ac335b123eeb73b49","name":"Comunidad","image":{"@type":"ImageObject","inLanguage":"es","@id":"https:\/\/secure.gravatar.com\/avatar\/91f602314b28e833d75397cbdfb1ea0454adc6b98929fd665e0c479626fd1391?s=96&d=mm&r=g","url":"https:\/\/secure.gravatar.com\/avatar\/91f602314b28e833d75397cbdfb1ea0454adc6b98929fd665e0c479626fd1391?s=96&d=mm&r=g","contentUrl":"https:\/\/secure.gravatar.com\/avatar\/91f602314b28e833d75397cbdfb1ea0454adc6b98929fd665e0c479626fd1391?s=96&d=mm&r=g","caption":"Comunidad"}}]}},"_links":{"self":[{"href":"https:\/\/pachakamani.com\/podcast\/wp-json\/wp\/v2\/posts\/144","targetHints":{"allow":["GET"]}}],"collection":[{"href":"https:\/\/pachakamani.com\/podcast\/wp-json\/wp\/v2\/posts"}],"about":[{"href":"https:\/\/pachakamani.com\/podcast\/wp-json\/wp\/v2\/types\/post"}],"author":[{"embeddable":true,"href":"https:\/\/pachakamani.com\/podcast\/wp-json\/wp\/v2\/users\/2"}],"replies":[{"embeddable":true,"href":"https:\/\/pachakamani.com\/podcast\/wp-json\/wp\/v2\/comments?post=144"}],"version-history":[{"count":2,"href":"https:\/\/pachakamani.com\/podcast\/wp-json\/wp\/v2\/posts\/144\/revisions"}],"predecessor-version":[{"id":930,"href":"https:\/\/pachakamani.com\/podcast\/wp-json\/wp\/v2\/posts\/144\/revisions\/930"}],"wp:featuredmedia":[{"embeddable":true,"href":"https:\/\/pachakamani.com\/podcast\/wp-json\/wp\/v2\/media\/27"}],"wp:attachment":[{"href":"https:\/\/pachakamani.com\/podcast\/wp-json\/wp\/v2\/media?parent=144"}],"wp:term":[{"taxonomy":"category","embeddable":true,"href":"https:\/\/pachakamani.com\/podcast\/wp-json\/wp\/v2\/categories?post=144"},{"taxonomy":"post_tag","embeddable":true,"href":"https:\/\/pachakamani.com\/podcast\/wp-json\/wp\/v2\/tags?post=144"}],"curies":[{"name":"wp","href":"https:\/\/api.w.org\/{rel}","templated":true}]}}