{"id":1007,"date":"2025-06-03T06:30:00","date_gmt":"2025-06-03T10:30:00","guid":{"rendered":"https:\/\/pachakamani.com\/podcast\/?p=1007"},"modified":"2025-06-03T08:57:33","modified_gmt":"2025-06-03T12:57:33","slug":"rutas-contaminacion-en-cuenca-katari-ep-19","status":"publish","type":"post","link":"https:\/\/pachakamani.com\/podcast\/rutas-contaminacion-en-cuenca-katari-ep-19\/","title":{"rendered":"Rutas de la contaminaci\u00f3n en la Cuenca Katari | Ep 19"},"content":{"rendered":"\n<iframe src=\"https:\/\/embed.acast.com\/5ec1a7390565f024568322ca\/683ea0f1708e9fc9b48bcc37\" frameBorder=\"0\" width=\"100%\" height=\"190px\"><\/iframe>\n\n\n\n<p>Imagina un lugar donde el agua, fuente de vida, se convierte en un veh\u00edculo de contaminaci\u00f3n, afectando no solo al medio ambiente, sino tambi\u00e9n a la salud y el bienestar de las comunidades que dependen de ella. Este es el tema central de nuestro episodio de hoy, donde exploramos la alarmante situaci\u00f3n de la Cuenca Katari en La Paz, Bolivia. Acompa\u00f1ados por Carlos Revilla, un destacado antrop\u00f3logo e investigador del CEDLA, nos adentramos en una investigaci\u00f3n que revela las desigualdades socioecol\u00f3gicas y los efectos de la urbanizaci\u00f3n en esta vital cuenca hidrogr\u00e1fica.<\/p>\n\n\n\n<p><strong>La Cuenca Katari: Un Territorio Vital:<\/strong><br>La cuenca Katari no es solo un territorio; es un sistema de vida cuyas aguas fluyen hacia r\u00edos, lagos y mares, sustentando ecosistemas y comunidades. Ubicada en el coraz\u00f3n del Departamento de La Paz, esta cuenca abarca varios municipios, incluyendo El Alto y Viacha, lugares donde la vida y el agua est\u00e1n intr\u00ednsecamente conectados.<\/p>\n\n\n\n<p>El Alto, el municipio m\u00e1s poblado del departamento, y Viacha, con un crecimiento poblacional del 116% desde 2012, son ejemplos de c\u00f3mo el aumento demogr\u00e1fico y la expansi\u00f3n urbana est\u00e1n transformando el paisaje. Sin embargo, este crecimiento tiene un lado oscuro: la contaminaci\u00f3n. A medida que las ciudades se expanden, la presi\u00f3n sobre los recursos naturales aumenta, llevando a una degradaci\u00f3n ambiental que afecta a todos.<\/p>\n\n\n\n<p><strong>La Ruta de la Contaminaci\u00f3n:<\/strong><br>Nuestro viaje comienza en la represa de Milluni, donde la explotaci\u00f3n minera ha dejado una herencia de desechos t\u00f3xicos. Los lixiviados y drenajes \u00e1cidos, subproductos de esta actividad, contaminan las aguas y el suelo, afectando a las comunidades locales y su ganado. A lo largo de la cuenca, encontramos puntos cr\u00edticos de contaminaci\u00f3n, desde el relleno sanitario de Villa Ingenio hasta los r\u00edos y canales que atraviesan la regi\u00f3n.<\/p>\n\n\n\n<p><strong>Impactos en la Salud y la Sociedad:<\/strong><br>La contaminaci\u00f3n no solo afecta al medio ambiente; tambi\u00e9n tiene graves consecuencias para la salud humana. Enfermedades como la teniasis y la cisticercosis se propagan debido a la crianza de cerdos cerca de vertederos, mientras que la exposici\u00f3n a metales pesados como el cromo aumenta el riesgo de c\u00e1ncer y otros problemas de salud. Adem\u00e1s, la degradaci\u00f3n ambiental est\u00e1 provocando un fen\u00f3meno conocido como migraci\u00f3n medioambiental, donde las personas se ven obligadas a abandonar sus hogares en busca de un entorno m\u00e1s seguro.<\/p>\n\n\n\n<p><strong>Esperanza y Acci\u00f3n:<\/strong><br>A pesar de este panorama desolador, hay esperanza. Carlos Revilla y su equipo han identificado medidas clave para mitigar la contaminaci\u00f3n, incluyendo la construcci\u00f3n de plantas de tratamiento de aguas residuales y la implementaci\u00f3n de pr\u00e1cticas urbanas y ambientales m\u00e1s sostenibles. La concientizaci\u00f3n y la acci\u00f3n colectiva son esenciales para preservar la cuenca Katari y asegurar un futuro sostenible para las generaciones venideras.<\/p>\n\n\n\n<p><strong>Conclusi\u00f3n:<\/strong><br>Las cuencas hidrogr\u00e1ficas como la Katari son vitales para nuestro planeta. Proporcionan agua dulce, sustentan la biodiversidad y ofrecen oportunidades para la educaci\u00f3n y la investigaci\u00f3n. Sin embargo, su protecci\u00f3n y gesti\u00f3n adecuada son cruciales para mantener estos beneficios. Te invitamos a reflexionar sobre la importancia de nuestras acciones y a unirte a nosotros en la lucha por un futuro m\u00e1s sostenible.<\/p>\n\n\n\n<p>Gracias por acompa\u00f1arnos en este viaje a trav\u00e9s de la Cuenca Katari. Esperamos que esta historia te haya inspirado a tomar acci\u00f3n y a ser parte del cambio. \u00a1Hasta la pr\u00f3xima!<\/p>\n\n\n\n<p>Enlaces de importancia:<\/p>\n\n\n\n<ul class=\"wp-block-list\">\n<li><a href=\"https:\/\/pachakamani.com\/blog\/cuenca-katari-los-sonidos-de-la-contaminacion-webinar-live\/\" target=\"_blank\" rel=\"noreferrer noopener\">Webinar Cuenca Katari<\/a><\/li>\n\n\n\n<li><a href=\"https:\/\/siip.produccion.gob.bo\/noticias\/files\/2021-e767c-2rio.pdf\" target=\"_blank\" rel=\"noreferrer noopener\">Libro \u00bfSomos nosotros mismos?<\/a><\/li>\n<\/ul>\n\n\n\n<p>Sitios web:<\/p>\n\n\n\n<ul class=\"wp-block-list\">\n<li><a href=\"https:\/\/pachakamani.com\/\" target=\"_blank\" rel=\"noreferrer noopener\">https:\/\/pachakamani.com\/<\/a><\/li>\n\n\n\n<li><a href=\"https:\/\/kamani.pro\/\" target=\"_blank\" rel=\"noreferrer noopener\">https:\/\/kamani.pro\/<\/a><\/li>\n\n\n\n<li><a href=\"https:\/\/kamaniaudio.com\/\" target=\"_blank\" rel=\"noreferrer noopener\">https:\/\/kamaniaudio.com\/<\/a><\/li>\n<\/ul>\n\n\n\n<p>Boletines de PachaKamani:<\/p>\n\n\n\n<ul class=\"wp-block-list\">\n<li><a href=\"https:\/\/pachakamani.com\/correo\/\" target=\"_blank\" rel=\"noreferrer noopener\">https:\/\/pachakamani.com\/correo\/<\/a>&nbsp;&#8211; Investigaci\u00f3n y actualidad<\/li>\n\n\n\n<li><a href=\"https:\/\/kamani.pro\/correopatrimonio\/\" target=\"_blank\" rel=\"noreferrer noopener\">https:\/\/kamani.pro\/correopatrimonio\/<\/a>&nbsp;&#8211; Noticias sobre patrimonio cultural<\/li>\n\n\n\n<li><a href=\"https:\/\/kamaniaudio.com\/lista\/\" target=\"_blank\" rel=\"noreferrer noopener\">https:\/\/kamaniaudio.com\/lista\/<\/a>&nbsp;&#8211; El mundo del podcast<\/li>\n<\/ul>\n\n\n\n<p>Red de podcast:<\/p>\n\n\n\n<ul class=\"wp-block-list\">\n<li><a href=\"https:\/\/kamaniaudio.com\/nuestrospodcast\/\" target=\"_blank\" rel=\"noreferrer noopener\">https:\/\/kamaniaudio.com\/nuestrospodcast\/<\/a><\/li>\n<\/ul>\n\n\n\n<p><\/p>\n","protected":false},"excerpt":{"rendered":"<p>Exploramos la cr\u00edtica situaci\u00f3n de la Cuenca Katari en La Paz, Bolivia, donde la contaminaci\u00f3n amenaza no solo el medio ambiente, sino tambi\u00e9n la salud y el bienestar de las comunidades locales. A trav\u00e9s de una conversaci\u00f3n con Carlos Revilla, investigador del CEDLA, descubrimos c\u00f3mo el crecimiento poblacional y la expansi\u00f3n urbana han exacerbado la contaminaci\u00f3n, afectando r\u00edos, suelos y la vida de quienes dependen de estos recursos.<\/p>\n","protected":false},"author":2,"featured_media":1008,"comment_status":"open","ping_status":"open","sticky":false,"template":"","format":"standard","meta":{"site-sidebar-layout":"default","site-content-layout":"","ast-site-content-layout":"default","site-content-style":"default","site-sidebar-style":"default","ast-global-header-display":"","ast-banner-title-visibility":"","ast-main-header-display":"","ast-hfb-above-header-display":"","ast-hfb-below-header-display":"","ast-hfb-mobile-header-display":"","site-post-title":"","ast-breadcrumbs-content":"","ast-featured-img":"","footer-sml-layout":"","ast-disable-related-posts":"","theme-transparent-header-meta":"","adv-header-id-meta":"","stick-header-meta":"","header-above-stick-meta":"","header-main-stick-meta":"","header-below-stick-meta":"","astra-migrate-meta-layouts":"set","ast-page-background-enabled":"default","ast-page-background-meta":{"desktop":{"background-color":"","background-image":"","background-repeat":"repeat","background-position":"center center","background-size":"auto","background-attachment":"scroll","background-type":"","background-media":"","overlay-type":"","overlay-color":"","overlay-opacity":"","overlay-gradient":""},"tablet":{"background-color":"","background-image":"","background-repeat":"repeat","background-position":"center center","background-size":"auto","background-attachment":"scroll","background-type":"","background-media":"","overlay-type":"","overlay-color":"","overlay-opacity":"","overlay-gradient":""},"mobile":{"background-color":"","background-image":"","background-repeat":"repeat","background-position":"center center","background-size":"auto","background-attachment":"scroll","background-type":"","background-media":"","overlay-type":"","overlay-color":"","overlay-opacity":"","overlay-gradient":""}},"ast-content-background-meta":{"desktop":{"background-color":"var(--ast-global-color-5)","background-image":"","background-repeat":"repeat","background-position":"center center","background-size":"auto","background-attachment":"scroll","background-type":"","background-media":"","overlay-type":"","overlay-color":"","overlay-opacity":"","overlay-gradient":""},"tablet":{"background-color":"var(--ast-global-color-5)","background-image":"","background-repeat":"repeat","background-position":"center center","background-size":"auto","background-attachment":"scroll","background-type":"","background-media":"","overlay-type":"","overlay-color":"","overlay-opacity":"","overlay-gradient":""},"mobile":{"background-color":"var(--ast-global-color-5)","background-image":"","background-repeat":"repeat","background-position":"center center","background-size":"auto","background-attachment":"scroll","background-type":"","background-media":"","overlay-type":"","overlay-color":"","overlay-opacity":"","overlay-gradient":""}},"footnotes":""},"categories":[6],"tags":[83,41],"class_list":["post-1007","post","type-post","status-publish","format-standard","has-post-thumbnail","hentry","category-medio-ambiente","tag-cedla","tag-la-paz"],"yoast_head":"<!-- This site is optimized with the Yoast SEO plugin v27.5 - https:\/\/yoast.com\/product\/yoast-seo-wordpress\/ -->\n<title>Rutas de la contaminaci\u00f3n en la Cuenca Katari | Ep 19 - PachaKamani-Radio<\/title>\n<meta name=\"description\" content=\"Exploramos la cr\u00edtica situaci\u00f3n de la Cuenca Katari en La Paz, Bolivia, donde la contaminaci\u00f3n amenaza no solo el medio ambiente, sino tambi\u00e9n la salud y el bienestar de las comunidades locales. A trav\u00e9s de una conversaci\u00f3n con Carlos Revilla, investigador del CEDLA, descubrimos c\u00f3mo el crecimiento poblacional y la expansi\u00f3n urbana han exacerbado la contaminaci\u00f3n, afectando r\u00edos, suelos y la vida de quienes dependen de estos recursos.\" \/>\n<meta name=\"robots\" content=\"index, follow, max-snippet:-1, max-image-preview:large, max-video-preview:-1\" \/>\n<link rel=\"canonical\" href=\"https:\/\/pachakamani.com\/podcast\/rutas-contaminacion-en-cuenca-katari-ep-19\/\" \/>\n<meta property=\"og:locale\" content=\"es_ES\" \/>\n<meta property=\"og:type\" content=\"article\" \/>\n<meta property=\"og:title\" content=\"Rutas de la contaminaci\u00f3n en la Cuenca Katari | Ep 19\" \/>\n<meta property=\"og:description\" content=\"Exploramos la cr\u00edtica situaci\u00f3n de la Cuenca Katari en La Paz, Bolivia, donde la contaminaci\u00f3n amenaza no solo el medio ambiente, sino tambi\u00e9n la salud y el bienestar de las comunidades locales. A trav\u00e9s de una conversaci\u00f3n con Carlos Revilla, investigador del CEDLA, descubrimos c\u00f3mo el crecimiento poblacional y la expansi\u00f3n urbana han exacerbado la contaminaci\u00f3n, afectando r\u00edos, suelos y la vida de quienes dependen de estos recursos.\" \/>\n<meta property=\"og:url\" content=\"https:\/\/pachakamani.com\/podcast\/rutas-contaminacion-en-cuenca-katari-ep-19\/\" \/>\n<meta property=\"og:site_name\" content=\"PachaKamani-Radio\" \/>\n<meta property=\"article:published_time\" content=\"2025-06-03T10:30:00+00:00\" \/>\n<meta property=\"article:modified_time\" content=\"2025-06-03T12:57:33+00:00\" \/>\n<meta property=\"og:image\" content=\"https:\/\/pachakamani.com\/podcast\/wp-content\/uploads\/sites\/3\/2025\/06\/19-cuenca-katari.jpg\" \/>\n\t<meta property=\"og:image:width\" content=\"1080\" \/>\n\t<meta property=\"og:image:height\" content=\"1080\" \/>\n\t<meta property=\"og:image:type\" content=\"image\/jpeg\" \/>\n<meta name=\"author\" content=\"Comunidad\" \/>\n<meta name=\"twitter:card\" content=\"summary_large_image\" \/>\n<meta name=\"twitter:title\" content=\"Rutas de la contaminaci\u00f3n en la Cuenca Katari | Ep 19\" \/>\n<meta name=\"twitter:description\" content=\"Exploramos la cr\u00edtica situaci\u00f3n de la Cuenca Katari en La Paz, Bolivia, donde la contaminaci\u00f3n amenaza no solo el medio ambiente, sino tambi\u00e9n la salud y el bienestar de las comunidades locales. A trav\u00e9s de una conversaci\u00f3n con Carlos Revilla, investigador del CEDLA, descubrimos c\u00f3mo el crecimiento poblacional y la expansi\u00f3n urbana han exacerbado la contaminaci\u00f3n, afectando r\u00edos, suelos y la vida de quienes dependen de estos recursos.\" \/>\n<meta name=\"twitter:image\" content=\"https:\/\/pachakamani.com\/podcast\/wp-content\/uploads\/sites\/3\/2025\/06\/19-cuenca-katari.jpg\" \/>\n<meta name=\"twitter:label1\" content=\"Escrito por\" \/>\n\t<meta name=\"twitter:data1\" content=\"Comunidad\" \/>\n\t<meta name=\"twitter:label2\" content=\"Tiempo de lectura\" \/>\n\t<meta name=\"twitter:data2\" content=\"3 minutos\" \/>\n<script type=\"application\/ld+json\" class=\"yoast-schema-graph\">{\"@context\":\"https:\\\/\\\/schema.org\",\"@graph\":[{\"@type\":\"Article\",\"@id\":\"https:\\\/\\\/pachakamani.com\\\/podcast\\\/rutas-contaminacion-en-cuenca-katari-ep-19\\\/#article\",\"isPartOf\":{\"@id\":\"https:\\\/\\\/pachakamani.com\\\/podcast\\\/rutas-contaminacion-en-cuenca-katari-ep-19\\\/\"},\"author\":{\"name\":\"Comunidad\",\"@id\":\"https:\\\/\\\/pachakamani.com\\\/podcast\\\/#\\\/schema\\\/person\\\/7871fc62b8c52d2ac335b123eeb73b49\"},\"headline\":\"Rutas de la contaminaci\u00f3n en la Cuenca Katari | Ep 19\",\"datePublished\":\"2025-06-03T10:30:00+00:00\",\"dateModified\":\"2025-06-03T12:57:33+00:00\",\"mainEntityOfPage\":{\"@id\":\"https:\\\/\\\/pachakamani.com\\\/podcast\\\/rutas-contaminacion-en-cuenca-katari-ep-19\\\/\"},\"wordCount\":668,\"commentCount\":0,\"publisher\":{\"@id\":\"https:\\\/\\\/pachakamani.com\\\/podcast\\\/#organization\"},\"image\":{\"@id\":\"https:\\\/\\\/pachakamani.com\\\/podcast\\\/rutas-contaminacion-en-cuenca-katari-ep-19\\\/#primaryimage\"},\"thumbnailUrl\":\"https:\\\/\\\/pachakamani.com\\\/podcast\\\/wp-content\\\/uploads\\\/sites\\\/3\\\/2025\\\/06\\\/19-cuenca-katari.jpg\",\"keywords\":[\"cedla\",\"La Paz\"],\"articleSection\":[\"Medio ambiente\"],\"inLanguage\":\"es\",\"potentialAction\":[{\"@type\":\"CommentAction\",\"name\":\"Comment\",\"target\":[\"https:\\\/\\\/pachakamani.com\\\/podcast\\\/rutas-contaminacion-en-cuenca-katari-ep-19\\\/#respond\"]}]},{\"@type\":\"WebPage\",\"@id\":\"https:\\\/\\\/pachakamani.com\\\/podcast\\\/rutas-contaminacion-en-cuenca-katari-ep-19\\\/\",\"url\":\"https:\\\/\\\/pachakamani.com\\\/podcast\\\/rutas-contaminacion-en-cuenca-katari-ep-19\\\/\",\"name\":\"Rutas de la contaminaci\u00f3n en la Cuenca Katari | Ep 19 - PachaKamani-Radio\",\"isPartOf\":{\"@id\":\"https:\\\/\\\/pachakamani.com\\\/podcast\\\/#website\"},\"primaryImageOfPage\":{\"@id\":\"https:\\\/\\\/pachakamani.com\\\/podcast\\\/rutas-contaminacion-en-cuenca-katari-ep-19\\\/#primaryimage\"},\"image\":{\"@id\":\"https:\\\/\\\/pachakamani.com\\\/podcast\\\/rutas-contaminacion-en-cuenca-katari-ep-19\\\/#primaryimage\"},\"thumbnailUrl\":\"https:\\\/\\\/pachakamani.com\\\/podcast\\\/wp-content\\\/uploads\\\/sites\\\/3\\\/2025\\\/06\\\/19-cuenca-katari.jpg\",\"datePublished\":\"2025-06-03T10:30:00+00:00\",\"dateModified\":\"2025-06-03T12:57:33+00:00\",\"description\":\"Exploramos la cr\u00edtica situaci\u00f3n de la Cuenca Katari en La Paz, Bolivia, donde la contaminaci\u00f3n amenaza no solo el medio ambiente, sino tambi\u00e9n la salud y el bienestar de las comunidades locales. A trav\u00e9s de una conversaci\u00f3n con Carlos Revilla, investigador del CEDLA, descubrimos c\u00f3mo el crecimiento poblacional y la expansi\u00f3n urbana han exacerbado la contaminaci\u00f3n, afectando r\u00edos, suelos y la vida de quienes dependen de estos recursos.\",\"breadcrumb\":{\"@id\":\"https:\\\/\\\/pachakamani.com\\\/podcast\\\/rutas-contaminacion-en-cuenca-katari-ep-19\\\/#breadcrumb\"},\"inLanguage\":\"es\",\"potentialAction\":[{\"@type\":\"ReadAction\",\"target\":[\"https:\\\/\\\/pachakamani.com\\\/podcast\\\/rutas-contaminacion-en-cuenca-katari-ep-19\\\/\"]}]},{\"@type\":\"ImageObject\",\"inLanguage\":\"es\",\"@id\":\"https:\\\/\\\/pachakamani.com\\\/podcast\\\/rutas-contaminacion-en-cuenca-katari-ep-19\\\/#primaryimage\",\"url\":\"https:\\\/\\\/pachakamani.com\\\/podcast\\\/wp-content\\\/uploads\\\/sites\\\/3\\\/2025\\\/06\\\/19-cuenca-katari.jpg\",\"contentUrl\":\"https:\\\/\\\/pachakamani.com\\\/podcast\\\/wp-content\\\/uploads\\\/sites\\\/3\\\/2025\\\/06\\\/19-cuenca-katari.jpg\",\"width\":1080,\"height\":1080},{\"@type\":\"BreadcrumbList\",\"@id\":\"https:\\\/\\\/pachakamani.com\\\/podcast\\\/rutas-contaminacion-en-cuenca-katari-ep-19\\\/#breadcrumb\",\"itemListElement\":[{\"@type\":\"ListItem\",\"position\":1,\"name\":\"Portada\",\"item\":\"https:\\\/\\\/pachakamani.com\\\/podcast\\\/\"},{\"@type\":\"ListItem\",\"position\":2,\"name\":\"Rutas de la contaminaci\u00f3n en la Cuenca Katari | Ep 19\"}]},{\"@type\":\"WebSite\",\"@id\":\"https:\\\/\\\/pachakamani.com\\\/podcast\\\/#website\",\"url\":\"https:\\\/\\\/pachakamani.com\\\/podcast\\\/\",\"name\":\"PachaKamani-Radio\",\"description\":\"El podcast de PachaKamani\",\"publisher\":{\"@id\":\"https:\\\/\\\/pachakamani.com\\\/podcast\\\/#organization\"},\"potentialAction\":[{\"@type\":\"SearchAction\",\"target\":{\"@type\":\"EntryPoint\",\"urlTemplate\":\"https:\\\/\\\/pachakamani.com\\\/podcast\\\/?s={search_term_string}\"},\"query-input\":{\"@type\":\"PropertyValueSpecification\",\"valueRequired\":true,\"valueName\":\"search_term_string\"}}],\"inLanguage\":\"es\"},{\"@type\":\"Organization\",\"@id\":\"https:\\\/\\\/pachakamani.com\\\/podcast\\\/#organization\",\"name\":\"PachaKamani-Radio\",\"url\":\"https:\\\/\\\/pachakamani.com\\\/podcast\\\/\",\"logo\":{\"@type\":\"ImageObject\",\"inLanguage\":\"es\",\"@id\":\"https:\\\/\\\/pachakamani.com\\\/podcast\\\/#\\\/schema\\\/logo\\\/image\\\/\",\"url\":\"https:\\\/\\\/pachakamani.com\\\/podcast\\\/wp-content\\\/uploads\\\/sites\\\/3\\\/2020\\\/07\\\/Logo-Kamani-2020-radio-alta-e1594269904981.jpg\",\"contentUrl\":\"https:\\\/\\\/pachakamani.com\\\/podcast\\\/wp-content\\\/uploads\\\/sites\\\/3\\\/2020\\\/07\\\/Logo-Kamani-2020-radio-alta-e1594269904981.jpg\",\"width\":500,\"height\":500,\"caption\":\"PachaKamani-Radio\"},\"image\":{\"@id\":\"https:\\\/\\\/pachakamani.com\\\/podcast\\\/#\\\/schema\\\/logo\\\/image\\\/\"}},{\"@type\":\"Person\",\"@id\":\"https:\\\/\\\/pachakamani.com\\\/podcast\\\/#\\\/schema\\\/person\\\/7871fc62b8c52d2ac335b123eeb73b49\",\"name\":\"Comunidad\",\"image\":{\"@type\":\"ImageObject\",\"inLanguage\":\"es\",\"@id\":\"https:\\\/\\\/secure.gravatar.com\\\/avatar\\\/91f602314b28e833d75397cbdfb1ea0454adc6b98929fd665e0c479626fd1391?s=96&d=mm&r=g\",\"url\":\"https:\\\/\\\/secure.gravatar.com\\\/avatar\\\/91f602314b28e833d75397cbdfb1ea0454adc6b98929fd665e0c479626fd1391?s=96&d=mm&r=g\",\"contentUrl\":\"https:\\\/\\\/secure.gravatar.com\\\/avatar\\\/91f602314b28e833d75397cbdfb1ea0454adc6b98929fd665e0c479626fd1391?s=96&d=mm&r=g\",\"caption\":\"Comunidad\"}}]}<\/script>\n<!-- \/ Yoast SEO plugin. -->","yoast_head_json":{"title":"Rutas de la contaminaci\u00f3n en la Cuenca Katari | Ep 19 - PachaKamani-Radio","description":"Exploramos la cr\u00edtica situaci\u00f3n de la Cuenca Katari en La Paz, Bolivia, donde la contaminaci\u00f3n amenaza no solo el medio ambiente, sino tambi\u00e9n la salud y el bienestar de las comunidades locales. A trav\u00e9s de una conversaci\u00f3n con Carlos Revilla, investigador del CEDLA, descubrimos c\u00f3mo el crecimiento poblacional y la expansi\u00f3n urbana han exacerbado la contaminaci\u00f3n, afectando r\u00edos, suelos y la vida de quienes dependen de estos recursos.","robots":{"index":"index","follow":"follow","max-snippet":"max-snippet:-1","max-image-preview":"max-image-preview:large","max-video-preview":"max-video-preview:-1"},"canonical":"https:\/\/pachakamani.com\/podcast\/rutas-contaminacion-en-cuenca-katari-ep-19\/","og_locale":"es_ES","og_type":"article","og_title":"Rutas de la contaminaci\u00f3n en la Cuenca Katari | Ep 19","og_description":"Exploramos la cr\u00edtica situaci\u00f3n de la Cuenca Katari en La Paz, Bolivia, donde la contaminaci\u00f3n amenaza no solo el medio ambiente, sino tambi\u00e9n la salud y el bienestar de las comunidades locales. A trav\u00e9s de una conversaci\u00f3n con Carlos Revilla, investigador del CEDLA, descubrimos c\u00f3mo el crecimiento poblacional y la expansi\u00f3n urbana han exacerbado la contaminaci\u00f3n, afectando r\u00edos, suelos y la vida de quienes dependen de estos recursos.","og_url":"https:\/\/pachakamani.com\/podcast\/rutas-contaminacion-en-cuenca-katari-ep-19\/","og_site_name":"PachaKamani-Radio","article_published_time":"2025-06-03T10:30:00+00:00","article_modified_time":"2025-06-03T12:57:33+00:00","og_image":[{"width":1080,"height":1080,"url":"https:\/\/pachakamani.com\/podcast\/wp-content\/uploads\/sites\/3\/2025\/06\/19-cuenca-katari.jpg","type":"image\/jpeg"}],"author":"Comunidad","twitter_card":"summary_large_image","twitter_title":"Rutas de la contaminaci\u00f3n en la Cuenca Katari | Ep 19","twitter_description":"Exploramos la cr\u00edtica situaci\u00f3n de la Cuenca Katari en La Paz, Bolivia, donde la contaminaci\u00f3n amenaza no solo el medio ambiente, sino tambi\u00e9n la salud y el bienestar de las comunidades locales. A trav\u00e9s de una conversaci\u00f3n con Carlos Revilla, investigador del CEDLA, descubrimos c\u00f3mo el crecimiento poblacional y la expansi\u00f3n urbana han exacerbado la contaminaci\u00f3n, afectando r\u00edos, suelos y la vida de quienes dependen de estos recursos.","twitter_image":"https:\/\/pachakamani.com\/podcast\/wp-content\/uploads\/sites\/3\/2025\/06\/19-cuenca-katari.jpg","twitter_misc":{"Escrito por":"Comunidad","Tiempo de lectura":"3 minutos"},"schema":{"@context":"https:\/\/schema.org","@graph":[{"@type":"Article","@id":"https:\/\/pachakamani.com\/podcast\/rutas-contaminacion-en-cuenca-katari-ep-19\/#article","isPartOf":{"@id":"https:\/\/pachakamani.com\/podcast\/rutas-contaminacion-en-cuenca-katari-ep-19\/"},"author":{"name":"Comunidad","@id":"https:\/\/pachakamani.com\/podcast\/#\/schema\/person\/7871fc62b8c52d2ac335b123eeb73b49"},"headline":"Rutas de la contaminaci\u00f3n en la Cuenca Katari | Ep 19","datePublished":"2025-06-03T10:30:00+00:00","dateModified":"2025-06-03T12:57:33+00:00","mainEntityOfPage":{"@id":"https:\/\/pachakamani.com\/podcast\/rutas-contaminacion-en-cuenca-katari-ep-19\/"},"wordCount":668,"commentCount":0,"publisher":{"@id":"https:\/\/pachakamani.com\/podcast\/#organization"},"image":{"@id":"https:\/\/pachakamani.com\/podcast\/rutas-contaminacion-en-cuenca-katari-ep-19\/#primaryimage"},"thumbnailUrl":"https:\/\/pachakamani.com\/podcast\/wp-content\/uploads\/sites\/3\/2025\/06\/19-cuenca-katari.jpg","keywords":["cedla","La Paz"],"articleSection":["Medio ambiente"],"inLanguage":"es","potentialAction":[{"@type":"CommentAction","name":"Comment","target":["https:\/\/pachakamani.com\/podcast\/rutas-contaminacion-en-cuenca-katari-ep-19\/#respond"]}]},{"@type":"WebPage","@id":"https:\/\/pachakamani.com\/podcast\/rutas-contaminacion-en-cuenca-katari-ep-19\/","url":"https:\/\/pachakamani.com\/podcast\/rutas-contaminacion-en-cuenca-katari-ep-19\/","name":"Rutas de la contaminaci\u00f3n en la Cuenca Katari | Ep 19 - PachaKamani-Radio","isPartOf":{"@id":"https:\/\/pachakamani.com\/podcast\/#website"},"primaryImageOfPage":{"@id":"https:\/\/pachakamani.com\/podcast\/rutas-contaminacion-en-cuenca-katari-ep-19\/#primaryimage"},"image":{"@id":"https:\/\/pachakamani.com\/podcast\/rutas-contaminacion-en-cuenca-katari-ep-19\/#primaryimage"},"thumbnailUrl":"https:\/\/pachakamani.com\/podcast\/wp-content\/uploads\/sites\/3\/2025\/06\/19-cuenca-katari.jpg","datePublished":"2025-06-03T10:30:00+00:00","dateModified":"2025-06-03T12:57:33+00:00","description":"Exploramos la cr\u00edtica situaci\u00f3n de la Cuenca Katari en La Paz, Bolivia, donde la contaminaci\u00f3n amenaza no solo el medio ambiente, sino tambi\u00e9n la salud y el bienestar de las comunidades locales. A trav\u00e9s de una conversaci\u00f3n con Carlos Revilla, investigador del CEDLA, descubrimos c\u00f3mo el crecimiento poblacional y la expansi\u00f3n urbana han exacerbado la contaminaci\u00f3n, afectando r\u00edos, suelos y la vida de quienes dependen de estos recursos.","breadcrumb":{"@id":"https:\/\/pachakamani.com\/podcast\/rutas-contaminacion-en-cuenca-katari-ep-19\/#breadcrumb"},"inLanguage":"es","potentialAction":[{"@type":"ReadAction","target":["https:\/\/pachakamani.com\/podcast\/rutas-contaminacion-en-cuenca-katari-ep-19\/"]}]},{"@type":"ImageObject","inLanguage":"es","@id":"https:\/\/pachakamani.com\/podcast\/rutas-contaminacion-en-cuenca-katari-ep-19\/#primaryimage","url":"https:\/\/pachakamani.com\/podcast\/wp-content\/uploads\/sites\/3\/2025\/06\/19-cuenca-katari.jpg","contentUrl":"https:\/\/pachakamani.com\/podcast\/wp-content\/uploads\/sites\/3\/2025\/06\/19-cuenca-katari.jpg","width":1080,"height":1080},{"@type":"BreadcrumbList","@id":"https:\/\/pachakamani.com\/podcast\/rutas-contaminacion-en-cuenca-katari-ep-19\/#breadcrumb","itemListElement":[{"@type":"ListItem","position":1,"name":"Portada","item":"https:\/\/pachakamani.com\/podcast\/"},{"@type":"ListItem","position":2,"name":"Rutas de la contaminaci\u00f3n en la Cuenca Katari | Ep 19"}]},{"@type":"WebSite","@id":"https:\/\/pachakamani.com\/podcast\/#website","url":"https:\/\/pachakamani.com\/podcast\/","name":"PachaKamani-Radio","description":"El podcast de PachaKamani","publisher":{"@id":"https:\/\/pachakamani.com\/podcast\/#organization"},"potentialAction":[{"@type":"SearchAction","target":{"@type":"EntryPoint","urlTemplate":"https:\/\/pachakamani.com\/podcast\/?s={search_term_string}"},"query-input":{"@type":"PropertyValueSpecification","valueRequired":true,"valueName":"search_term_string"}}],"inLanguage":"es"},{"@type":"Organization","@id":"https:\/\/pachakamani.com\/podcast\/#organization","name":"PachaKamani-Radio","url":"https:\/\/pachakamani.com\/podcast\/","logo":{"@type":"ImageObject","inLanguage":"es","@id":"https:\/\/pachakamani.com\/podcast\/#\/schema\/logo\/image\/","url":"https:\/\/pachakamani.com\/podcast\/wp-content\/uploads\/sites\/3\/2020\/07\/Logo-Kamani-2020-radio-alta-e1594269904981.jpg","contentUrl":"https:\/\/pachakamani.com\/podcast\/wp-content\/uploads\/sites\/3\/2020\/07\/Logo-Kamani-2020-radio-alta-e1594269904981.jpg","width":500,"height":500,"caption":"PachaKamani-Radio"},"image":{"@id":"https:\/\/pachakamani.com\/podcast\/#\/schema\/logo\/image\/"}},{"@type":"Person","@id":"https:\/\/pachakamani.com\/podcast\/#\/schema\/person\/7871fc62b8c52d2ac335b123eeb73b49","name":"Comunidad","image":{"@type":"ImageObject","inLanguage":"es","@id":"https:\/\/secure.gravatar.com\/avatar\/91f602314b28e833d75397cbdfb1ea0454adc6b98929fd665e0c479626fd1391?s=96&d=mm&r=g","url":"https:\/\/secure.gravatar.com\/avatar\/91f602314b28e833d75397cbdfb1ea0454adc6b98929fd665e0c479626fd1391?s=96&d=mm&r=g","contentUrl":"https:\/\/secure.gravatar.com\/avatar\/91f602314b28e833d75397cbdfb1ea0454adc6b98929fd665e0c479626fd1391?s=96&d=mm&r=g","caption":"Comunidad"}}]}},"_links":{"self":[{"href":"https:\/\/pachakamani.com\/podcast\/wp-json\/wp\/v2\/posts\/1007","targetHints":{"allow":["GET"]}}],"collection":[{"href":"https:\/\/pachakamani.com\/podcast\/wp-json\/wp\/v2\/posts"}],"about":[{"href":"https:\/\/pachakamani.com\/podcast\/wp-json\/wp\/v2\/types\/post"}],"author":[{"embeddable":true,"href":"https:\/\/pachakamani.com\/podcast\/wp-json\/wp\/v2\/users\/2"}],"replies":[{"embeddable":true,"href":"https:\/\/pachakamani.com\/podcast\/wp-json\/wp\/v2\/comments?post=1007"}],"version-history":[{"count":2,"href":"https:\/\/pachakamani.com\/podcast\/wp-json\/wp\/v2\/posts\/1007\/revisions"}],"predecessor-version":[{"id":1011,"href":"https:\/\/pachakamani.com\/podcast\/wp-json\/wp\/v2\/posts\/1007\/revisions\/1011"}],"wp:featuredmedia":[{"embeddable":true,"href":"https:\/\/pachakamani.com\/podcast\/wp-json\/wp\/v2\/media\/1008"}],"wp:attachment":[{"href":"https:\/\/pachakamani.com\/podcast\/wp-json\/wp\/v2\/media?parent=1007"}],"wp:term":[{"taxonomy":"category","embeddable":true,"href":"https:\/\/pachakamani.com\/podcast\/wp-json\/wp\/v2\/categories?post=1007"},{"taxonomy":"post_tag","embeddable":true,"href":"https:\/\/pachakamani.com\/podcast\/wp-json\/wp\/v2\/tags?post=1007"}],"curies":[{"name":"wp","href":"https:\/\/api.w.org\/{rel}","templated":true}]}}