{"id":590,"date":"2024-05-10T06:15:00","date_gmt":"2024-05-10T10:15:00","guid":{"rendered":"https:\/\/pachakamani.com\/atravesdelaventana\/?post_type=podcast&#038;p=590"},"modified":"2026-01-28T00:30:03","modified_gmt":"2026-01-28T04:30:03","slug":"casas-de-acogida-016","status":"publish","type":"post","link":"https:\/\/pachakamani.com\/atravesdelaventana\/casas-de-acogida-016\/","title":{"rendered":"Casas de Acogida #016"},"content":{"rendered":"<div class=\"powerpress_player\" id=\"powerpress_player_149\"><audio class=\"wp-audio-shortcode\" id=\"audio-590-1\" preload=\"none\" style=\"width: 100%;\" controls=\"controls\"><source type=\"audio\/mpeg\" src=\"https:\/\/op3.dev\/e\/archive.org\/download\/lv000\/16-casas-acogida.mp3?_=1\" \/><a href=\"https:\/\/op3.dev\/e\/archive.org\/download\/lv000\/16-casas-acogida.mp3\">https:\/\/op3.dev\/e\/archive.org\/download\/lv000\/16-casas-acogida.mp3<\/a><\/audio><\/div>\n<blockquote class=\"wp-block-quote is-layout-flow wp-block-quote-is-layout-flow\">\n<p>En el episodio 16, exploramos la esencial labor de las <strong>Casas de Acogida y Refugios Temporales en Bolivia<\/strong>, que brindan albergue seguro a mujeres, ni\u00f1as y ni\u00f1os v\u00edctimas de violencia.<br>Entrevistamos al Director de un Albergue Integral en La Paz en 2021 para obtener informaci\u00f3n sobre su funcionamiento y finalidad.<\/p>\n<\/blockquote>\n\n\n\n<p>El prop\u00f3sito fundamental de estos refugios es <em>proteger a las v\u00edctimas de violencia f\u00edsica, psicol\u00f3gica, sexual o intentos de feminicidio por parte de sus agresores<\/em>. Est\u00e1n dise\u00f1ados para mujeres sin una red de apoyo familiar o social.<\/p>\n\n\n\n<p>Las casas de acogida son cruciales para la protecci\u00f3n y recuperaci\u00f3n de v\u00edctimas de violencia. La falta de inversi\u00f3n y atenci\u00f3n de las autoridades departamentales y municipales no solo vulnera a las v\u00edctimas, sino que tambi\u00e9n pone en riesgo su seguridad. Es necesario abordar seriamente este problema tanto en \u00e1reas urbanas como rurales y garantizar un apoyo adecuado para las v\u00edctimas de violencia en Bolivia.<\/p>\n\n\n\n<p>\ud83c\udfa7 Elige tu <strong><a href=\"https:\/\/episodes.fm\/1557279045\" target=\"_blank\" rel=\"noopener nofollow\" title=\"App favorita\">App favorita<\/a><\/strong> para escuchar este podcast \u25b6\ufe0f <a href=\"https:\/\/pod.link\/1557279045\" target=\"_blank\" rel=\"noopener nofollow\" title=\"\">AQU\u00cd<\/a>.<\/p>\n\n\n\n<h3 class=\"wp-block-heading\">Contenido<\/h3>\n\n\n\n<p>01:40 | \u00bfCu\u00e1l es el prop\u00f3sito de las casas de acogida?<br>03:36 | \u00bfC\u00f3mo se accede a las casas de acogida?<br>04:43 | Las casas de acogida brindan\u2026<br>14:47 | \u00bfCu\u00e1ntas casas de acogida hay en Bolivia y en qu\u00e9 situaci\u00f3n se encuentran?<br>15:57 | \u00bfCu\u00e1nto se invierte?<\/p>\n\n\n\n<h3 class=\"wp-block-heading\">Referencias<\/h3>\n\n\n\n<p>Defensor\u00eda del Pueblo Informe Defensorial: Cumplimiento a la Creaci\u00f3n de Centros de Acogida Especializados para V\u00edctimas de Trata y Tr\u00e1fico de Personas, y Delitos Conexos. 2020<\/p>\n\n\n\n<p><a href=\"https:\/\/www.defensoria.gob.bo\/uploads\/files\/informe-defensorial-cumplimiento-a-la-creacion-de-centros-de-acogida-especializados-para-victimas-de-trata-y-trafico-de-personas-y-delitos-conexos.pdf\">https:\/\/www.defensoria.gob.bo\/uploads\/files\/informe-defensorial-cumplimiento-a-la-creacion-de-centros-de-acogida-especializados-para-victimas-de-trata-y-trafico-de-personas-y-delitos-conexos.pdf<\/a><\/p>\n\n\n\n<h2 class=\"wp-block-heading\">\u00a1Gracias por escuchar!<\/h2>\n\n\n\n<ul class=\"wp-block-list\">\n<li>Lista de <a href=\"https:\/\/pachakamani.com\/atravesdelaventana\/instituciones-ayuda-mujer-bolivia\/\" target=\"_blank\" rel=\"noreferrer noopener\">Instituciones de ayuda a la mujer en Bolivia<\/a><\/li>\n\n\n\n<li>Danos tus comentarios, aportes o sugerencias al correo electr\u00f3nico&nbsp;<a href=\"mailto:laventana@pachakamani.com\">laventana@pachakamani.com<\/a>.<\/li>\n\n\n\n<li>Visita nuestro sitio web en&nbsp;<a rel=\"noreferrer noopener\" href=\"https:\/\/pachakamani.com\/atravesdelaventana\/\" target=\"_blank\">pachakamani.com\/atravesdelaventana<\/a><\/li>\n\n\n\n<li>Este podcast en&nbsp;<a href=\"https:\/\/www.youtube.com\/playlist?list=PLT7bMmaWGwzdJhF1wlD7wTuN-rGGIx9sf\" target=\"_blank\" rel=\"noreferrer noopener\">Youtube<\/a>.<\/li>\n\n\n\n<li>\u00abA trav\u00e9s de la Ventana\u00bb es un podcast del colectivo&nbsp;<a href=\"https:\/\/pachakamani.com\/\" target=\"_blank\" rel=\"noreferrer noopener\">PachaKamani<\/a>&nbsp;en coproducci\u00f3n con&nbsp;<a href=\"https:\/\/kamaniaudio.com\/\" target=\"_blank\" rel=\"noreferrer noopener\">Kamani Audio<\/a>.<\/li>\n<\/ul>\n\n\n\n<p>Ay\u00fadanos compartiendo este podcast en tu red social preferida:<\/p>\n","protected":false},"excerpt":{"rendered":"<p>En el episodio 16, exploramos la esencial labor de las Casas de Acogida y Refugios Temporales en Bolivia, que brindan albergue seguro a mujeres, ni\u00f1as y ni\u00f1os v\u00edctimas de violencia.<\/p>\n","protected":false},"author":6,"featured_media":591,"comment_status":"open","ping_status":"closed","sticky":false,"template":"","format":"standard","meta":{"_uag_custom_page_level_css":"","site-sidebar-layout":"default","site-content-layout":"","ast-site-content-layout":"default","site-content-style":"default","site-sidebar-style":"default","ast-global-header-display":"","ast-banner-title-visibility":"","ast-main-header-display":"","ast-hfb-above-header-display":"","ast-hfb-below-header-display":"","ast-hfb-mobile-header-display":"","site-post-title":"","ast-breadcrumbs-content":"","ast-featured-img":"","footer-sml-layout":"","ast-disable-related-posts":"","theme-transparent-header-meta":"","adv-header-id-meta":"","stick-header-meta":"","header-above-stick-meta":"","header-main-stick-meta":"","header-below-stick-meta":"","astra-migrate-meta-layouts":"set","ast-page-background-enabled":"default","ast-page-background-meta":{"desktop":{"background-color":"","background-image":"","background-repeat":"repeat","background-position":"center center","background-size":"auto","background-attachment":"scroll","background-type":"","background-media":"","overlay-type":"","overlay-color":"","overlay-opacity":"","overlay-gradient":""},"tablet":{"background-color":"","background-image":"","background-repeat":"repeat","background-position":"center center","background-size":"auto","background-attachment":"scroll","background-type":"","background-media":"","overlay-type":"","overlay-color":"","overlay-opacity":"","overlay-gradient":""},"mobile":{"background-color":"","background-image":"","background-repeat":"repeat","background-position":"center center","background-size":"auto","background-attachment":"scroll","background-type":"","background-media":"","overlay-type":"","overlay-color":"","overlay-opacity":"","overlay-gradient":""}},"ast-content-background-meta":{"desktop":{"background-color":"var(--ast-global-color-5)","background-image":"","background-repeat":"repeat","background-position":"center center","background-size":"auto","background-attachment":"scroll","background-type":"","background-media":"","overlay-type":"","overlay-color":"","overlay-opacity":"","overlay-gradient":""},"tablet":{"background-color":"var(--ast-global-color-5)","background-image":"","background-repeat":"repeat","background-position":"center center","background-size":"auto","background-attachment":"scroll","background-type":"","background-media":"","overlay-type":"","overlay-color":"","overlay-opacity":"","overlay-gradient":""},"mobile":{"background-color":"var(--ast-global-color-5)","background-image":"","background-repeat":"repeat","background-position":"center center","background-size":"auto","background-attachment":"scroll","background-type":"","background-media":"","overlay-type":"","overlay-color":"","overlay-opacity":"","overlay-gradient":""}},"slim_seo":{"canonical":"https:\/\/pachakamani.com\/atravesdelaventana\/casas-de-acogida-016\/","title":"Casas de Acogida #016 - A trav\u00e9s de la Ventana","description":"En el episodio 16, exploramos la esencial labor de las Casas de Acogida y Refugios Temporales en Bolivia, que brindan albergue seguro a mujeres, ni\u00f1as y ni\u00f1os v"},"footnotes":""},"categories":[41],"tags":[53],"class_list":["post-590","post","type-post","status-publish","format-standard","has-post-thumbnail","hentry","category-podcast","tag-casas-de-acogida"],"uagb_featured_image_src":{"full":["https:\/\/pachakamani.com\/atravesdelaventana\/wp-content\/uploads\/sites\/6\/2024\/05\/16-casas.png",500,500,false],"thumbnail":["https:\/\/pachakamani.com\/atravesdelaventana\/wp-content\/uploads\/sites\/6\/2024\/05\/16-casas-150x150.png",150,150,true],"medium":["https:\/\/pachakamani.com\/atravesdelaventana\/wp-content\/uploads\/sites\/6\/2024\/05\/16-casas-300x300.png",300,300,true],"medium_large":["https:\/\/pachakamani.com\/atravesdelaventana\/wp-content\/uploads\/sites\/6\/2024\/05\/16-casas.png",500,500,false],"large":["https:\/\/pachakamani.com\/atravesdelaventana\/wp-content\/uploads\/sites\/6\/2024\/05\/16-casas.png",500,500,false],"1536x1536":["https:\/\/pachakamani.com\/atravesdelaventana\/wp-content\/uploads\/sites\/6\/2024\/05\/16-casas.png",500,500,false],"2048x2048":["https:\/\/pachakamani.com\/atravesdelaventana\/wp-content\/uploads\/sites\/6\/2024\/05\/16-casas.png",500,500,false]},"uagb_author_info":{"display_name":"Gloria Villarroel","author_link":"https:\/\/pachakamani.com\/atravesdelaventana\/author\/gloria\/"},"uagb_comment_info":60,"uagb_excerpt":"En el episodio 16, exploramos la esencial labor de las Casas de Acogida y Refugios Temporales en Bolivia, que brindan albergue seguro a mujeres, ni\u00f1as y ni\u00f1os v\u00edctimas de violencia.","_links":{"self":[{"href":"https:\/\/pachakamani.com\/atravesdelaventana\/wp-json\/wp\/v2\/posts\/590","targetHints":{"allow":["GET"]}}],"collection":[{"href":"https:\/\/pachakamani.com\/atravesdelaventana\/wp-json\/wp\/v2\/posts"}],"about":[{"href":"https:\/\/pachakamani.com\/atravesdelaventana\/wp-json\/wp\/v2\/types\/post"}],"author":[{"embeddable":true,"href":"https:\/\/pachakamani.com\/atravesdelaventana\/wp-json\/wp\/v2\/users\/6"}],"replies":[{"embeddable":true,"href":"https:\/\/pachakamani.com\/atravesdelaventana\/wp-json\/wp\/v2\/comments?post=590"}],"version-history":[{"count":1,"href":"https:\/\/pachakamani.com\/atravesdelaventana\/wp-json\/wp\/v2\/posts\/590\/revisions"}],"predecessor-version":[{"id":718,"href":"https:\/\/pachakamani.com\/atravesdelaventana\/wp-json\/wp\/v2\/posts\/590\/revisions\/718"}],"wp:featuredmedia":[{"embeddable":true,"href":"https:\/\/pachakamani.com\/atravesdelaventana\/wp-json\/wp\/v2\/media\/591"}],"wp:attachment":[{"href":"https:\/\/pachakamani.com\/atravesdelaventana\/wp-json\/wp\/v2\/media?parent=590"}],"wp:term":[{"taxonomy":"category","embeddable":true,"href":"https:\/\/pachakamani.com\/atravesdelaventana\/wp-json\/wp\/v2\/categories?post=590"},{"taxonomy":"post_tag","embeddable":true,"href":"https:\/\/pachakamani.com\/atravesdelaventana\/wp-json\/wp\/v2\/tags?post=590"}],"curies":[{"name":"wp","href":"https:\/\/api.w.org\/{rel}","templated":true}]}}