{"id":532,"date":"2024-03-06T13:15:29","date_gmt":"2024-03-06T13:15:29","guid":{"rendered":"https:\/\/pachakamani.com\/atravesdelaventana\/?post_type=podcast&#038;p=532"},"modified":"2026-01-28T00:28:41","modified_gmt":"2026-01-28T04:28:41","slug":"por-que-no-hay-justicia-015","status":"publish","type":"post","link":"https:\/\/pachakamani.com\/atravesdelaventana\/por-que-no-hay-justicia-015\/","title":{"rendered":"\u00bfPor qu\u00e9 no hay justicia? #015"},"content":{"rendered":"<div class=\"powerpress_player\" id=\"powerpress_player_1880\"><audio class=\"wp-audio-shortcode\" id=\"audio-532-1\" preload=\"none\" style=\"width: 100%;\" controls=\"controls\"><source type=\"audio\/mpeg\" src=\"https:\/\/op3.dev\/e\/archive.org\/download\/lv000\/15-no-justicia.mp3?_=1\" \/><a href=\"https:\/\/op3.dev\/e\/archive.org\/download\/lv000\/15-no-justicia.mp3\">https:\/\/op3.dev\/e\/archive.org\/download\/lv000\/15-no-justicia.mp3<\/a><\/audio><\/div>\n<p>En este episodio, exploraremos las <strong>razones detr\u00e1s de la ineficacia del sistema de justicia<\/strong> en casos de violencia contra las mujeres en Bolivia. Analizaremos <strong>c\u00f3mo diversas instituciones, como la salud, la polic\u00eda, el trabajo y la educaci\u00f3n, cumplen o incumplen sus deberes<\/strong> seg\u00fan lo establecido por la <strong>Ley 348<\/strong>. Adem\u00e1s, examinaremos los <strong>desaf\u00edos que enfrentan las v\u00edctimas de violencia<\/strong> y c\u00f3mo se ve afectado el proceso de b\u00fasqueda de justicia.<\/p>\n\n\n\n<p>Este an\u00e1lisis nos permite comprender por qu\u00e9 el acceso a la justicia es tan dif\u00edcil en casos de violencia contra las mujeres y c\u00f3mo la corrupci\u00f3n y la falta de recursos afectan negativamente a las v\u00edctimas y al funcionamiento de los mecanismos de protecci\u00f3n. La responsabilidad de cambiar esta estructura recae en las autoridades gubernamentales y requiere empat\u00eda y el cumplimiento de las normativas vigentes.<\/p>\n\n\n\n<p>\ud83c\udfa7 Elige tu <strong><a href=\"https:\/\/episodes.fm\/1557279045\" target=\"_blank\" rel=\"noopener nofollow\" title=\"App favorita\">App favorita<\/a><\/strong> para escuchar este podcast \u25b6\ufe0f <a href=\"https:\/\/pod.link\/1557279045\" target=\"_blank\" rel=\"noopener nofollow\" title=\"\">AQU\u00cd<\/a>.<\/p>\n\n\n\n<h3 class=\"wp-block-heading\">Contenido<\/h3>\n\n\n\n<p>An\u00e1lisis del incumplimiento, logros y desaf\u00edos, respecto de:<\/p>\n\n\n\n<ul class=\"wp-block-list\">\n<li>Ministerio de Justicia<\/li>\n\n\n\n<li>Ministerio de Salud<\/li>\n\n\n\n<li>Ministerio de trabajo, empleo y previsi\u00f3n social.<\/li>\n\n\n\n<li>Ministerio de Educaci\u00f3n y las Universidades<\/li>\n\n\n\n<li>Ministerio P\u00fablico<\/li>\n\n\n\n<li>Polic\u00eda Boliviana y FELCV<\/li>\n<\/ul>\n\n\n\n<h3 class=\"wp-block-heading\"><strong>Referencias<\/strong><\/h3>\n\n\n\n<p>Informe defensorial: Estado de cumplimiento de las medidas de atenci\u00f3n y protecci\u00f3n a mujeres en situaci\u00f3n de violencia en el marco de la Ley N\u00b0 348. Defensor\u00eda del Pueblo. 2018<\/p>\n\n\n\n<h2 class=\"wp-block-heading\">\u00a1Gracias por escuchar!<\/h2>\n\n\n\n<ul class=\"wp-block-list\">\n<li>Lista de <a href=\"https:\/\/pachakamani.com\/atravesdelaventana\/instituciones-ayuda-mujer-bolivia\/\" target=\"_blank\" rel=\"noreferrer noopener\">Instituciones de ayuda a la mujer en Bolivia<\/a><\/li>\n\n\n\n<li>Danos tus comentarios, aportes o sugerencias al correo electr\u00f3nico&nbsp;<a href=\"mailto:laventana@pachakamani.com\">laventana@pachakamani.com<\/a>.<\/li>\n\n\n\n<li>Visita nuestro sitio web en&nbsp;<a rel=\"noreferrer noopener\" href=\"https:\/\/pachakamani.com\/atravesdelaventana\/\" target=\"_blank\">pachakamani.com\/atravesdelaventana<\/a><\/li>\n\n\n\n<li>Este podcast en&nbsp;<a href=\"https:\/\/www.youtube.com\/playlist?list=PLT7bMmaWGwzdJhF1wlD7wTuN-rGGIx9sf\" target=\"_blank\" rel=\"noreferrer noopener\">Youtube<\/a>.<\/li>\n\n\n\n<li>\u00abA trav\u00e9s de la Ventana\u00bb es un podcast del colectivo&nbsp;<a href=\"https:\/\/pachakamani.com\/\" target=\"_blank\" rel=\"noreferrer noopener\">PachaKamani<\/a>&nbsp;en coproducci\u00f3n con&nbsp;<a href=\"https:\/\/kamaniaudio.com\/\" target=\"_blank\" rel=\"noreferrer noopener\">Kamani Audio<\/a>.<\/li>\n<\/ul>\n\n\n\n<p>Ay\u00fadanos compartiendo este podcast en tu red social preferida:<\/p>\n","protected":false},"excerpt":{"rendered":"<p>Exploramos las razones detr\u00e1s de la ineficacia del sistema de justicia en casos de violencia contra las mujeres en Bolivia. Analizaremos c\u00f3mo diversas instituciones, como la salud, la polic\u00eda, el trabajo y la educaci\u00f3n, cumplen o incumplen sus deberes seg\u00fan lo establecido por la Ley 348. <\/p>\n","protected":false},"author":6,"featured_media":535,"comment_status":"open","ping_status":"closed","sticky":false,"template":"","format":"standard","meta":{"_uag_custom_page_level_css":"","site-sidebar-layout":"default","site-content-layout":"","ast-site-content-layout":"default","site-content-style":"default","site-sidebar-style":"default","ast-global-header-display":"","ast-banner-title-visibility":"","ast-main-header-display":"","ast-hfb-above-header-display":"","ast-hfb-below-header-display":"","ast-hfb-mobile-header-display":"","site-post-title":"","ast-breadcrumbs-content":"","ast-featured-img":"","footer-sml-layout":"","ast-disable-related-posts":"","theme-transparent-header-meta":"","adv-header-id-meta":"","stick-header-meta":"","header-above-stick-meta":"","header-main-stick-meta":"","header-below-stick-meta":"","astra-migrate-meta-layouts":"set","ast-page-background-enabled":"default","ast-page-background-meta":{"desktop":{"background-color":"","background-image":"","background-repeat":"repeat","background-position":"center center","background-size":"auto","background-attachment":"scroll","background-type":"","background-media":"","overlay-type":"","overlay-color":"","overlay-opacity":"","overlay-gradient":""},"tablet":{"background-color":"","background-image":"","background-repeat":"repeat","background-position":"center center","background-size":"auto","background-attachment":"scroll","background-type":"","background-media":"","overlay-type":"","overlay-color":"","overlay-opacity":"","overlay-gradient":""},"mobile":{"background-color":"","background-image":"","background-repeat":"repeat","background-position":"center center","background-size":"auto","background-attachment":"scroll","background-type":"","background-media":"","overlay-type":"","overlay-color":"","overlay-opacity":"","overlay-gradient":""}},"ast-content-background-meta":{"desktop":{"background-color":"var(--ast-global-color-5)","background-image":"","background-repeat":"repeat","background-position":"center center","background-size":"auto","background-attachment":"scroll","background-type":"","background-media":"","overlay-type":"","overlay-color":"","overlay-opacity":"","overlay-gradient":""},"tablet":{"background-color":"var(--ast-global-color-5)","background-image":"","background-repeat":"repeat","background-position":"center center","background-size":"auto","background-attachment":"scroll","background-type":"","background-media":"","overlay-type":"","overlay-color":"","overlay-opacity":"","overlay-gradient":""},"mobile":{"background-color":"var(--ast-global-color-5)","background-image":"","background-repeat":"repeat","background-position":"center center","background-size":"auto","background-attachment":"scroll","background-type":"","background-media":"","overlay-type":"","overlay-color":"","overlay-opacity":"","overlay-gradient":""}},"slim_seo":{"description":"Exploramos las razones de la ineficacia del sistema de justicia en casos de violencia contra las mujeres en Bolivia. Analizaremos c\u00f3mo diversas instituciones, como la salud, la polic\u00eda, el trabajo y la educaci\u00f3n, cumplen o incumplen sus deberes seg\u00fan la Ley 348.","canonical":"https:\/\/pachakamani.com\/atravesdelaventana\/por-que-no-hay-justicia-015\/","title":"\u00bfPor qu\u00e9 no hay justicia? #015 - A trav\u00e9s de la Ventana"},"footnotes":""},"categories":[41],"tags":[49,18,51,50,52,10],"class_list":["post-532","post","type-post","status-publish","format-standard","has-post-thumbnail","hentry","category-podcast","tag-instituciones","tag-ley-348","tag-ministerios","tag-policia","tag-sistema-de-justicia","tag-violencia-con-la-mujer"],"uagb_featured_image_src":{"full":["https:\/\/pachakamani.com\/atravesdelaventana\/wp-content\/uploads\/sites\/6\/2024\/03\/15-PorQnohayjunticia-1.png",500,500,false],"thumbnail":["https:\/\/pachakamani.com\/atravesdelaventana\/wp-content\/uploads\/sites\/6\/2024\/03\/15-PorQnohayjunticia-1-150x150.png",150,150,true],"medium":["https:\/\/pachakamani.com\/atravesdelaventana\/wp-content\/uploads\/sites\/6\/2024\/03\/15-PorQnohayjunticia-1-300x300.png",300,300,true],"medium_large":["https:\/\/pachakamani.com\/atravesdelaventana\/wp-content\/uploads\/sites\/6\/2024\/03\/15-PorQnohayjunticia-1.png",500,500,false],"large":["https:\/\/pachakamani.com\/atravesdelaventana\/wp-content\/uploads\/sites\/6\/2024\/03\/15-PorQnohayjunticia-1.png",500,500,false],"1536x1536":["https:\/\/pachakamani.com\/atravesdelaventana\/wp-content\/uploads\/sites\/6\/2024\/03\/15-PorQnohayjunticia-1.png",500,500,false],"2048x2048":["https:\/\/pachakamani.com\/atravesdelaventana\/wp-content\/uploads\/sites\/6\/2024\/03\/15-PorQnohayjunticia-1.png",500,500,false]},"uagb_author_info":{"display_name":"Gloria Villarroel","author_link":"https:\/\/pachakamani.com\/atravesdelaventana\/author\/gloria\/"},"uagb_comment_info":25,"uagb_excerpt":"Exploramos las razones detr\u00e1s de la ineficacia del sistema de justicia en casos de violencia contra las mujeres en Bolivia. Analizaremos c\u00f3mo diversas instituciones, como la salud, la polic\u00eda, el trabajo y la educaci\u00f3n, cumplen o incumplen sus deberes seg\u00fan lo establecido por la Ley 348.","_links":{"self":[{"href":"https:\/\/pachakamani.com\/atravesdelaventana\/wp-json\/wp\/v2\/posts\/532","targetHints":{"allow":["GET"]}}],"collection":[{"href":"https:\/\/pachakamani.com\/atravesdelaventana\/wp-json\/wp\/v2\/posts"}],"about":[{"href":"https:\/\/pachakamani.com\/atravesdelaventana\/wp-json\/wp\/v2\/types\/post"}],"author":[{"embeddable":true,"href":"https:\/\/pachakamani.com\/atravesdelaventana\/wp-json\/wp\/v2\/users\/6"}],"replies":[{"embeddable":true,"href":"https:\/\/pachakamani.com\/atravesdelaventana\/wp-json\/wp\/v2\/comments?post=532"}],"version-history":[{"count":1,"href":"https:\/\/pachakamani.com\/atravesdelaventana\/wp-json\/wp\/v2\/posts\/532\/revisions"}],"predecessor-version":[{"id":717,"href":"https:\/\/pachakamani.com\/atravesdelaventana\/wp-json\/wp\/v2\/posts\/532\/revisions\/717"}],"wp:featuredmedia":[{"embeddable":true,"href":"https:\/\/pachakamani.com\/atravesdelaventana\/wp-json\/wp\/v2\/media\/535"}],"wp:attachment":[{"href":"https:\/\/pachakamani.com\/atravesdelaventana\/wp-json\/wp\/v2\/media?parent=532"}],"wp:term":[{"taxonomy":"category","embeddable":true,"href":"https:\/\/pachakamani.com\/atravesdelaventana\/wp-json\/wp\/v2\/categories?post=532"},{"taxonomy":"post_tag","embeddable":true,"href":"https:\/\/pachakamani.com\/atravesdelaventana\/wp-json\/wp\/v2\/tags?post=532"}],"curies":[{"name":"wp","href":"https:\/\/api.w.org\/{rel}","templated":true}]}}