{"id":522,"date":"2024-01-21T11:00:00","date_gmt":"2024-01-21T11:00:00","guid":{"rendered":"https:\/\/pachakamani.com\/atravesdelaventana\/?post_type=podcast&#038;p=522"},"modified":"2026-01-28T00:27:17","modified_gmt":"2026-01-28T04:27:17","slug":"domitila-barrios-014","status":"publish","type":"post","link":"https:\/\/pachakamani.com\/atravesdelaventana\/domitila-barrios-014\/","title":{"rendered":"Domitila Barrios #014"},"content":{"rendered":"<div class=\"powerpress_player\" id=\"powerpress_player_3727\"><audio class=\"wp-audio-shortcode\" id=\"audio-522-1\" preload=\"none\" style=\"width: 100%;\" controls=\"controls\"><source type=\"audio\/mpeg\" src=\"https:\/\/op3.dev\/e\/archive.org\/download\/lv000\/14-domitila.mp3?_=1\" \/><a href=\"https:\/\/op3.dev\/e\/archive.org\/download\/lv000\/14-domitila.mp3\">https:\/\/op3.dev\/e\/archive.org\/download\/lv000\/14-domitila.mp3<\/a><\/audio><\/div>\n<p><strong>Domitila Barrios Cuenca<\/strong>&nbsp;fue una destacada activista social en Bolivia que dedic\u00f3 su vida a la lucha por los&nbsp;<strong>derechos laborales<\/strong>, en particular en el sector minero. Su historia es inspiradora y revela la valent\u00eda de una mujer que desafi\u00f3 las adversidades.<\/p>\n\n\n\n<p>Se convirti\u00f3 en la&nbsp;<strong>Secretaria Ejecutiva del Comit\u00e9 de Amas de Casa de Siglo XX<\/strong>&nbsp;en 1963. Su papel fue fundamental en la organizaci\u00f3n de mujeres trabajadoras en las minas, juntas enfrentaron las dictaduras de Bolivia durante las d\u00e9cadas de 1960, 1970 y 1980.<\/p>\n\n\n\n<p>Domitila particip\u00f3 en conferencias internacionales y denunci\u00f3 la situaci\u00f3n en Bolivia. En la&nbsp;<strong>Primera Conferencia Mundial sobre la Mujer<\/strong>, destac\u00f3 que las reivindicaciones obreras beneficiaban tanto a hombres como a mujeres.<\/p>\n\n\n\n<p>El legado de Domitila Barrios Cuenca perdura en la historia de Bolivia y en la&nbsp;<strong>lucha por los derechos laborales y sociales<\/strong>. Su determinaci\u00f3n, valent\u00eda y liderazgo han inspirado a muchas generaciones, y su nombre vive en el recuerdo de quienes luchan por la igualdad y la justicia.<\/p>\n\n\n\n<p>El episodio 14 del podcast es la historia de una mujer, a quien muchos conocieron como Domitila Chungara.<\/p>\n\n\n\n<p>\ud83c\udfa7 Elige tu <strong><a href=\"https:\/\/episodes.fm\/1557279045\" target=\"_blank\" rel=\"noopener nofollow\" title=\"App favorita\">App favorita<\/a><\/strong> para escuchar este podcast \u25b6\ufe0f <a href=\"https:\/\/pod.link\/1557279045\" target=\"_blank\" rel=\"noopener nofollow\" title=\"\">AQU\u00cd<\/a>.<\/p>\n\n\n\n<h3 class=\"wp-block-heading\"><strong>Contenido<\/strong><\/h3>\n\n\n\n<p>00:57 | \u00bfQui\u00e9n fue Domitila?<\/p>\n\n\n\n<p>04:50 | Las organizaciones sindicales y el MNR<\/p>\n\n\n\n<p>08:05 | Tres dictadores y dos hijos<\/p>\n\n\n\n<p>21:28 | La ultima marcha<\/p>\n\n\n\n<p>23:12 | Domitila en las letras<\/p>\n\n\n\n<h3 class=\"wp-block-heading\"><strong>Referencias<\/strong><\/h3>\n\n\n\n<p>Video entrevista: \u00abMujeres Pol\u00edticas en la tierra Prohibida (2008): Domitila Chungara\u00bb<br><a rel=\"noreferrer noopener\" href=\"https:\/\/www.youtube.com\/watch?v=RWAWovB5GNk&amp;t=303s\" target=\"_blank\">https:\/\/www.youtube.com\/watch?v=RWAWovB5GNk&amp;t=303s<\/a><br>KAS Bolivia. Fundaci\u00f3n Konrad Adenauer. 2022<\/p>\n\n\n\n<p>Podcast: \u00abDomitila, la rebeld\u00eda de las mineras bolivianas\u00bb<br><a rel=\"noreferrer noopener\" href=\"https:\/\/radialistas.net\/domitila-chungara\/\" target=\"_blank\">https:\/\/radialistas.net\/domitila-chungara\/<\/a><\/p>\n\n\n\n<h2 class=\"wp-block-heading\">\u00a1Gracias por escuchar!<\/h2>\n\n\n\n<ul class=\"wp-block-list\">\n<li>Lista de <a href=\"https:\/\/pachakamani.com\/atravesdelaventana\/instituciones-ayuda-mujer-bolivia\/\" target=\"_blank\" rel=\"noreferrer noopener\">Instituciones de ayuda a la mujer en Bolivia<\/a><\/li>\n\n\n\n<li>Danos tus comentarios, aportes o sugerencias al correo electr\u00f3nico&nbsp;<a href=\"mailto:laventana@pachakamani.com\">laventana@pachakamani.com<\/a>.<\/li>\n\n\n\n<li>Visita nuestro sitio web en&nbsp;<a rel=\"noreferrer noopener\" href=\"https:\/\/pachakamani.com\/atravesdelaventana\/\" target=\"_blank\">pachakamani.com\/atravesdelaventana<\/a><\/li>\n\n\n\n<li>Este podcast en&nbsp;<a href=\"https:\/\/www.youtube.com\/playlist?list=PLT7bMmaWGwzdJhF1wlD7wTuN-rGGIx9sf\" target=\"_blank\" rel=\"noreferrer noopener\">Youtube<\/a>.<\/li>\n\n\n\n<li>\u00abA trav\u00e9s de la Ventana\u00bb es un podcast del colectivo&nbsp;<a href=\"https:\/\/pachakamani.com\/\" target=\"_blank\" rel=\"noreferrer noopener\">PachaKamani<\/a>&nbsp;en coproducci\u00f3n con&nbsp;<a href=\"https:\/\/kamaniaudio.com\/\" target=\"_blank\" rel=\"noreferrer noopener\">Kamani Audio<\/a>.<\/li>\n<\/ul>\n\n\n\n<p>Ay\u00fadanos compartiendo este podcast en tu red social preferida:<\/p>\n","protected":false},"excerpt":{"rendered":"<p>Domitila Barrios Cuenca\u00a0fue la mayor activista social de las mujeres en Bolivia. Esta es su historia. Dedic\u00f3 su vida a la lucha por los\u00a0derechos laborales, en particular en el sector minero.<\/p>\n","protected":false},"author":6,"featured_media":523,"comment_status":"open","ping_status":"closed","sticky":false,"template":"","format":"standard","meta":{"_uag_custom_page_level_css":"","site-sidebar-layout":"default","site-content-layout":"","ast-site-content-layout":"default","site-content-style":"default","site-sidebar-style":"default","ast-global-header-display":"","ast-banner-title-visibility":"","ast-main-header-display":"","ast-hfb-above-header-display":"","ast-hfb-below-header-display":"","ast-hfb-mobile-header-display":"","site-post-title":"","ast-breadcrumbs-content":"","ast-featured-img":"","footer-sml-layout":"","ast-disable-related-posts":"","theme-transparent-header-meta":"","adv-header-id-meta":"","stick-header-meta":"","header-above-stick-meta":"","header-main-stick-meta":"","header-below-stick-meta":"","astra-migrate-meta-layouts":"set","ast-page-background-enabled":"default","ast-page-background-meta":{"desktop":{"background-color":"","background-image":"","background-repeat":"repeat","background-position":"center center","background-size":"auto","background-attachment":"scroll","background-type":"","background-media":"","overlay-type":"","overlay-color":"","overlay-opacity":"","overlay-gradient":""},"tablet":{"background-color":"","background-image":"","background-repeat":"repeat","background-position":"center center","background-size":"auto","background-attachment":"scroll","background-type":"","background-media":"","overlay-type":"","overlay-color":"","overlay-opacity":"","overlay-gradient":""},"mobile":{"background-color":"","background-image":"","background-repeat":"repeat","background-position":"center center","background-size":"auto","background-attachment":"scroll","background-type":"","background-media":"","overlay-type":"","overlay-color":"","overlay-opacity":"","overlay-gradient":""}},"ast-content-background-meta":{"desktop":{"background-color":"var(--ast-global-color-5)","background-image":"","background-repeat":"repeat","background-position":"center center","background-size":"auto","background-attachment":"scroll","background-type":"","background-media":"","overlay-type":"","overlay-color":"","overlay-opacity":"","overlay-gradient":""},"tablet":{"background-color":"var(--ast-global-color-5)","background-image":"","background-repeat":"repeat","background-position":"center center","background-size":"auto","background-attachment":"scroll","background-type":"","background-media":"","overlay-type":"","overlay-color":"","overlay-opacity":"","overlay-gradient":""},"mobile":{"background-color":"var(--ast-global-color-5)","background-image":"","background-repeat":"repeat","background-position":"center center","background-size":"auto","background-attachment":"scroll","background-type":"","background-media":"","overlay-type":"","overlay-color":"","overlay-opacity":"","overlay-gradient":""}},"slim_seo":{"description":"Domitila Barrios Cuenca\u00a0fue la mayor activista social de las mujeres en Bolivia. Esta es su historia. Dedic\u00f3 su vida a la lucha por los\u00a0derechos laborales, en particular en el sector minero.","canonical":"https:\/\/pachakamani.com\/atravesdelaventana\/domitila-barrios-014\/","title":"Domitila Barrios #014 - A trav\u00e9s de la Ventana"},"footnotes":""},"categories":[41],"tags":[46,47],"class_list":["post-522","post","type-post","status-publish","format-standard","has-post-thumbnail","hentry","category-podcast","tag-domitila-barrios","tag-lucha-social"],"uagb_featured_image_src":{"full":["https:\/\/pachakamani.com\/atravesdelaventana\/wp-content\/uploads\/sites\/6\/2024\/01\/14-domitila.png",500,500,false],"thumbnail":["https:\/\/pachakamani.com\/atravesdelaventana\/wp-content\/uploads\/sites\/6\/2024\/01\/14-domitila-150x150.png",150,150,true],"medium":["https:\/\/pachakamani.com\/atravesdelaventana\/wp-content\/uploads\/sites\/6\/2024\/01\/14-domitila-300x300.png",300,300,true],"medium_large":["https:\/\/pachakamani.com\/atravesdelaventana\/wp-content\/uploads\/sites\/6\/2024\/01\/14-domitila.png",500,500,false],"large":["https:\/\/pachakamani.com\/atravesdelaventana\/wp-content\/uploads\/sites\/6\/2024\/01\/14-domitila.png",500,500,false],"1536x1536":["https:\/\/pachakamani.com\/atravesdelaventana\/wp-content\/uploads\/sites\/6\/2024\/01\/14-domitila.png",500,500,false],"2048x2048":["https:\/\/pachakamani.com\/atravesdelaventana\/wp-content\/uploads\/sites\/6\/2024\/01\/14-domitila.png",500,500,false]},"uagb_author_info":{"display_name":"Gloria Villarroel","author_link":"https:\/\/pachakamani.com\/atravesdelaventana\/author\/gloria\/"},"uagb_comment_info":4,"uagb_excerpt":"Domitila Barrios Cuenca\u00a0fue la mayor activista social de las mujeres en Bolivia. Esta es su historia. Dedic\u00f3 su vida a la lucha por los\u00a0derechos laborales, en particular en el sector minero.","_links":{"self":[{"href":"https:\/\/pachakamani.com\/atravesdelaventana\/wp-json\/wp\/v2\/posts\/522","targetHints":{"allow":["GET"]}}],"collection":[{"href":"https:\/\/pachakamani.com\/atravesdelaventana\/wp-json\/wp\/v2\/posts"}],"about":[{"href":"https:\/\/pachakamani.com\/atravesdelaventana\/wp-json\/wp\/v2\/types\/post"}],"author":[{"embeddable":true,"href":"https:\/\/pachakamani.com\/atravesdelaventana\/wp-json\/wp\/v2\/users\/6"}],"replies":[{"embeddable":true,"href":"https:\/\/pachakamani.com\/atravesdelaventana\/wp-json\/wp\/v2\/comments?post=522"}],"version-history":[{"count":1,"href":"https:\/\/pachakamani.com\/atravesdelaventana\/wp-json\/wp\/v2\/posts\/522\/revisions"}],"predecessor-version":[{"id":716,"href":"https:\/\/pachakamani.com\/atravesdelaventana\/wp-json\/wp\/v2\/posts\/522\/revisions\/716"}],"wp:featuredmedia":[{"embeddable":true,"href":"https:\/\/pachakamani.com\/atravesdelaventana\/wp-json\/wp\/v2\/media\/523"}],"wp:attachment":[{"href":"https:\/\/pachakamani.com\/atravesdelaventana\/wp-json\/wp\/v2\/media?parent=522"}],"wp:term":[{"taxonomy":"category","embeddable":true,"href":"https:\/\/pachakamani.com\/atravesdelaventana\/wp-json\/wp\/v2\/categories?post=522"},{"taxonomy":"post_tag","embeddable":true,"href":"https:\/\/pachakamani.com\/atravesdelaventana\/wp-json\/wp\/v2\/tags?post=522"}],"curies":[{"name":"wp","href":"https:\/\/api.w.org\/{rel}","templated":true}]}}