{"id":471,"date":"2023-12-19T11:03:24","date_gmt":"2023-12-19T11:03:24","guid":{"rendered":"https:\/\/pachakamani.com\/atravesdelaventana\/?post_type=podcast&#038;p=471"},"modified":"2026-01-28T00:23:50","modified_gmt":"2026-01-28T04:23:50","slug":"asistencia-familiar-012-t3","status":"publish","type":"post","link":"https:\/\/pachakamani.com\/atravesdelaventana\/asistencia-familiar-012-t3\/","title":{"rendered":"Asistencia familiar #012-T3"},"content":{"rendered":"<div class=\"powerpress_player\" id=\"powerpress_player_305\"><audio class=\"wp-audio-shortcode\" id=\"audio-471-1\" preload=\"none\" style=\"width: 100%;\" controls=\"controls\"><source type=\"audio\/mpeg\" src=\"https:\/\/op3.dev\/e\/archive.org\/download\/lv000\/12-asistencia-familiar.mp3?_=1\" \/><a href=\"https:\/\/op3.dev\/e\/archive.org\/download\/lv000\/12-asistencia-familiar.mp3\">https:\/\/op3.dev\/e\/archive.org\/download\/lv000\/12-asistencia-familiar.mp3<\/a><\/audio><\/div>\n<p>La <strong>asistencia familiar<\/strong> es un derecho fundamental que garantiza el acceso a recursos para una vida digna. Este episodio aborda los <strong>requisitos<\/strong> para acceder a este derecho, las <strong>sanciones <\/strong>para quienes no cumplen y los <strong>desaf\u00edos <\/strong>que enfrentan quienes buscan obtenerlo.<\/p>\n\n\n\n<p>Conocer\u00e1s qui\u00e9nes tienen esta obligaci\u00f3n, los documentos que debes presentar, las sanciones por incumplimiento, los problemas para acceder a ella y los desaf\u00edos para cambiarlos.<\/p>\n\n\n\n<p> Es fundamental que la sociedad y los padres comprendan que se trata de un derecho irrenunciable y que el incumplimiento es una vulneraci\u00f3n de los derechos fundamentales de los hijos. La asistencia familiar no debe convertirse en otra forma de violencia contra las mujeres.<\/p>\n\n\n\n<h2 class=\"wp-block-heading\">Contenido<\/h2>\n\n\n\n<ul class=\"wp-block-list\">\n<li>\u00bfQui\u00e9nes tienen esta Obligaci\u00f3n?<\/li>\n\n\n\n<li>\u00bfEn qu\u00e9 consiste?<\/li>\n\n\n\n<li>\u00bfCu\u00e1les son los documentos que debes presentar?<\/li>\n\n\n\n<li>\u00bfCu\u00e1les son las sanciones si no recibes la asistencia familiar?<\/li>\n\n\n\n<li>\u00bfCu\u00e1les son los problemas de la asistencia familiar?<\/li>\n<\/ul>\n\n\n\n<p>Se incluye un <strong>fragmento en audio de la entrevista realizada a la Diputada Gabriela Ferrel<\/strong> (Comunidad Ciudadana) qui\u00e9n explica la importancia de la norma sobre \u00abRegistro Nacional de Deudores de Asistencia Familiar\u00bb. Entrevista del 22 de mayo de 2023, se puede <a href=\"https:\/\/www.youtube.com\/watch?v=Ndfp8SXjXfM\" target=\"_blank\" rel=\"noreferrer noopener\">consultar aqu\u00ed<\/a>. <\/p>\n\n\n\n<h2 class=\"wp-block-heading\">\u00a1Gracias por escuchar!<\/h2>\n\n\n\n<ul class=\"wp-block-list\">\n<li>Lista de <a href=\"https:\/\/pachakamani.com\/atravesdelaventana\/instituciones-ayuda-mujer-bolivia\/\" target=\"_blank\" rel=\"noreferrer noopener\">Instituciones de ayuda a la mujer en Bolivia<\/a><\/li>\n\n\n\n<li>Danos tus comentarios, aportes o sugerencias al correo electr\u00f3nico&nbsp;<a href=\"mailto:laventana@pachakamani.com\">laventana@pachakamani.com<\/a>.<\/li>\n\n\n\n<li>Visita nuestro sitio web en&nbsp;<a rel=\"noreferrer noopener\" href=\"https:\/\/pachakamani.com\/atravesdelaventana\/\" target=\"_blank\">pachakamani.com\/atravesdelaventana<\/a><\/li>\n\n\n\n<li>Este podcast en&nbsp;<a href=\"https:\/\/www.youtube.com\/playlist?list=PLT7bMmaWGwzdJhF1wlD7wTuN-rGGIx9sf\" target=\"_blank\" rel=\"noreferrer noopener\">Youtube<\/a>.<\/li>\n\n\n\n<li>\u00abA trav\u00e9s de la Ventana\u00bb es un podcast del colectivo&nbsp;<a href=\"https:\/\/pachakamani.com\/\" target=\"_blank\" rel=\"noreferrer noopener\">PachaKamani<\/a>&nbsp;en coproducci\u00f3n con&nbsp;<a href=\"https:\/\/kamaniaudio.com\/\" target=\"_blank\" rel=\"noreferrer noopener\">Kamani Audio<\/a>.<\/li>\n<\/ul>\n\n\n\n<p>Ay\u00fadanos compartiendo este podcast en tu red social preferida:<\/p>\n","protected":false},"excerpt":{"rendered":"<p>La asistencia familiar es un derecho fundamental que garantiza el acceso a recursos para una vida digna. Este episodio aborda todos los detalles que debes conocer. <\/p>\n","protected":false},"author":6,"featured_media":472,"comment_status":"open","ping_status":"closed","sticky":false,"template":"","format":"standard","meta":{"_uag_custom_page_level_css":"","site-sidebar-layout":"default","site-content-layout":"","ast-site-content-layout":"default","site-content-style":"default","site-sidebar-style":"default","ast-global-header-display":"","ast-banner-title-visibility":"","ast-main-header-display":"","ast-hfb-above-header-display":"","ast-hfb-below-header-display":"","ast-hfb-mobile-header-display":"","site-post-title":"","ast-breadcrumbs-content":"","ast-featured-img":"","footer-sml-layout":"","ast-disable-related-posts":"","theme-transparent-header-meta":"","adv-header-id-meta":"","stick-header-meta":"","header-above-stick-meta":"","header-main-stick-meta":"","header-below-stick-meta":"","astra-migrate-meta-layouts":"set","ast-page-background-enabled":"default","ast-page-background-meta":{"desktop":{"background-color":"","background-image":"","background-repeat":"repeat","background-position":"center center","background-size":"auto","background-attachment":"scroll","background-type":"","background-media":"","overlay-type":"","overlay-color":"","overlay-opacity":"","overlay-gradient":""},"tablet":{"background-color":"","background-image":"","background-repeat":"repeat","background-position":"center center","background-size":"auto","background-attachment":"scroll","background-type":"","background-media":"","overlay-type":"","overlay-color":"","overlay-opacity":"","overlay-gradient":""},"mobile":{"background-color":"","background-image":"","background-repeat":"repeat","background-position":"center center","background-size":"auto","background-attachment":"scroll","background-type":"","background-media":"","overlay-type":"","overlay-color":"","overlay-opacity":"","overlay-gradient":""}},"ast-content-background-meta":{"desktop":{"background-color":"var(--ast-global-color-5)","background-image":"","background-repeat":"repeat","background-position":"center center","background-size":"auto","background-attachment":"scroll","background-type":"","background-media":"","overlay-type":"","overlay-color":"","overlay-opacity":"","overlay-gradient":""},"tablet":{"background-color":"var(--ast-global-color-5)","background-image":"","background-repeat":"repeat","background-position":"center center","background-size":"auto","background-attachment":"scroll","background-type":"","background-media":"","overlay-type":"","overlay-color":"","overlay-opacity":"","overlay-gradient":""},"mobile":{"background-color":"var(--ast-global-color-5)","background-image":"","background-repeat":"repeat","background-position":"center center","background-size":"auto","background-attachment":"scroll","background-type":"","background-media":"","overlay-type":"","overlay-color":"","overlay-opacity":"","overlay-gradient":""}},"slim_seo":{"description":"La asistencia familiar es un derecho fundamental que garantiza el acceso a recursos para una vida digna. Este episodio aborda todos los detalles que debes conocer.","canonical":"https:\/\/pachakamani.com\/atravesdelaventana\/asistencia-familiar-012-t3\/","title":"Asistencia familiar #012-T3 - A trav\u00e9s de la Ventana"},"footnotes":""},"categories":[41],"tags":[45],"class_list":["post-471","post","type-post","status-publish","format-standard","has-post-thumbnail","hentry","category-podcast","tag-asistencia-familiar"],"uagb_featured_image_src":{"full":["https:\/\/pachakamani.com\/atravesdelaventana\/wp-content\/uploads\/sites\/6\/2023\/12\/12-asistencia-familiar.jpg",500,500,false],"thumbnail":["https:\/\/pachakamani.com\/atravesdelaventana\/wp-content\/uploads\/sites\/6\/2023\/12\/12-asistencia-familiar-150x150.jpg",150,150,true],"medium":["https:\/\/pachakamani.com\/atravesdelaventana\/wp-content\/uploads\/sites\/6\/2023\/12\/12-asistencia-familiar-300x300.jpg",300,300,true],"medium_large":["https:\/\/pachakamani.com\/atravesdelaventana\/wp-content\/uploads\/sites\/6\/2023\/12\/12-asistencia-familiar.jpg",500,500,false],"large":["https:\/\/pachakamani.com\/atravesdelaventana\/wp-content\/uploads\/sites\/6\/2023\/12\/12-asistencia-familiar.jpg",500,500,false],"1536x1536":["https:\/\/pachakamani.com\/atravesdelaventana\/wp-content\/uploads\/sites\/6\/2023\/12\/12-asistencia-familiar.jpg",500,500,false],"2048x2048":["https:\/\/pachakamani.com\/atravesdelaventana\/wp-content\/uploads\/sites\/6\/2023\/12\/12-asistencia-familiar.jpg",500,500,false]},"uagb_author_info":{"display_name":"Gloria Villarroel","author_link":"https:\/\/pachakamani.com\/atravesdelaventana\/author\/gloria\/"},"uagb_comment_info":3,"uagb_excerpt":"La asistencia familiar es un derecho fundamental que garantiza el acceso a recursos para una vida digna. Este episodio aborda todos los detalles que debes conocer.","_links":{"self":[{"href":"https:\/\/pachakamani.com\/atravesdelaventana\/wp-json\/wp\/v2\/posts\/471","targetHints":{"allow":["GET"]}}],"collection":[{"href":"https:\/\/pachakamani.com\/atravesdelaventana\/wp-json\/wp\/v2\/posts"}],"about":[{"href":"https:\/\/pachakamani.com\/atravesdelaventana\/wp-json\/wp\/v2\/types\/post"}],"author":[{"embeddable":true,"href":"https:\/\/pachakamani.com\/atravesdelaventana\/wp-json\/wp\/v2\/users\/6"}],"replies":[{"embeddable":true,"href":"https:\/\/pachakamani.com\/atravesdelaventana\/wp-json\/wp\/v2\/comments?post=471"}],"version-history":[{"count":1,"href":"https:\/\/pachakamani.com\/atravesdelaventana\/wp-json\/wp\/v2\/posts\/471\/revisions"}],"predecessor-version":[{"id":714,"href":"https:\/\/pachakamani.com\/atravesdelaventana\/wp-json\/wp\/v2\/posts\/471\/revisions\/714"}],"wp:featuredmedia":[{"embeddable":true,"href":"https:\/\/pachakamani.com\/atravesdelaventana\/wp-json\/wp\/v2\/media\/472"}],"wp:attachment":[{"href":"https:\/\/pachakamani.com\/atravesdelaventana\/wp-json\/wp\/v2\/media?parent=471"}],"wp:term":[{"taxonomy":"category","embeddable":true,"href":"https:\/\/pachakamani.com\/atravesdelaventana\/wp-json\/wp\/v2\/categories?post=471"},{"taxonomy":"post_tag","embeddable":true,"href":"https:\/\/pachakamani.com\/atravesdelaventana\/wp-json\/wp\/v2\/tags?post=471"}],"curies":[{"name":"wp","href":"https:\/\/api.w.org\/{rel}","templated":true}]}}