{"id":392,"date":"2023-03-08T12:38:21","date_gmt":"2023-03-08T12:38:21","guid":{"rendered":"https:\/\/pachakamani.com\/atravesdelaventana\/?post_type=podcast&#038;p=392"},"modified":"2026-01-28T00:20:54","modified_gmt":"2026-01-28T04:20:54","slug":"simbolos-de-protesta-8m-010","status":"publish","type":"post","link":"https:\/\/pachakamani.com\/atravesdelaventana\/simbolos-de-protesta-8m-010\/","title":{"rendered":"S\u00edmbolos de Protesta #010"},"content":{"rendered":"<div class=\"powerpress_player\" id=\"powerpress_player_9661\"><audio class=\"wp-audio-shortcode\" id=\"audio-392-1\" preload=\"none\" style=\"width: 100%;\" controls=\"controls\"><source type=\"audio\/mpeg\" src=\"https:\/\/op3.dev\/e\/archive.org\/download\/lv000\/10-simbolos-protesta-la-ventana.low.mp3?_=1\" \/><a href=\"https:\/\/op3.dev\/e\/archive.org\/download\/lv000\/10-simbolos-protesta-la-ventana.low.mp3\">https:\/\/op3.dev\/e\/archive.org\/download\/lv000\/10-simbolos-protesta-la-ventana.low.mp3<\/a><\/audio><\/div>\n<h2 class=\"wp-block-heading\">S\u00edmbolos de Protesta. Episodio conmemorativo al 8 de marzo, d\u00eda de la mujer<\/h2>\n\n\n\n<blockquote class=\"wp-block-quote is-layout-flow wp-block-quote-is-layout-flow\">\n<p>\u00bfCu\u00e1l es la historia de los s\u00edmbolos de la protesta de mujeres?<\/p>\n<\/blockquote>\n\n\n\n<p>Los movimientos y organizaciones de mujeres que han buscado y buscan la igualdad de g\u00e9nero han creado formas de identificaci\u00f3n ante la sociedad. Estas formas de identificaci\u00f3n son s\u00edmbolos que fortalecen al movimiento y son parte de la historia de la lucha femenina.<\/p>\n\n\n\n<p>Fueron varios y variados se describen algunos y el significado de cada uno de ellos. El color morado hoy es el s\u00edmbolo del movimiento feminista en el mundo.<\/p>\n\n\n\n<h2 class=\"wp-block-heading\">Contenido:<\/h2>\n\n\n\n<p>\u2022 La bandera y el broche Holloway del movimiento Sufragista<br>\u2022 El cartel We Can do it. \u00a1Nosotras podemos hacerlo!<br>\u2022 Los s\u00edmbolos del derecho al aborto<br>\u2022 El tri\u00e1ngulo contra el patriarcalismo<br>\u2022 Las brujas est\u00e1n vivas<br>\u2022 La capucha y el pu\u00f1o<br>\u2022 El universalismo del color morado<br>\u2022 Quit\u00e1ndose el hiyab en Ir\u00e1n<br>\u2022 Los hombres apoyan el movimiento, sus s\u00edmbolos.<\/p>\n\n\n\n<h2 class=\"wp-block-heading\">\u00a1Gracias por escuchar!<\/h2>\n\n\n\n<ul class=\"wp-block-list\">\n<li>Esperamos tus comentarios, aportes o sugerencias mediante el correo electr\u00f3nico&nbsp;<a href=\"mailto:laventana@pachakamani.com\">laventana@pachakamani.com<\/a>.<\/li>\n\n\n\n<li>Visita nuestro sitio web en&nbsp;<a rel=\"noreferrer noopener\" href=\"https:\/\/pachakamani.com\/atravesdelaventana\/\" target=\"_blank\">pachakamani.com\/atravesdelaventana<\/a><\/li>\n\n\n\n<li>Este podcast en la&nbsp;<a rel=\"noreferrer noopener\" href=\"https:\/\/www.youtube.com\/playlist?list=PLT7bMmaWGwzdJhF1wlD7wTuN-rGGIx9sf\" target=\"_blank\">Lista de Youtube<\/a>.<\/li>\n\n\n\n<li>\u00abA trav\u00e9s de la Ventana\u00bb es un podcast del colectivo&nbsp;<a href=\"https:\/\/pachakamani.com\/\" target=\"_blank\" rel=\"noreferrer noopener\">PachaKamani<\/a>&nbsp;en coproducci\u00f3n con&nbsp;<a href=\"https:\/\/kamaniaudio.com\/\" target=\"_blank\" rel=\"noreferrer noopener\">Kamani Audio<\/a>.<\/li>\n<\/ul>\n","protected":false},"excerpt":{"rendered":"<p>S\u00edmbolos de Protesta. Episodio conmemorativo al 8 de marzo, d\u00eda de la mujer \u00bfCu\u00e1l es la historia de los s\u00edmbolos de la protesta de mujeres?<\/p>\n","protected":false},"author":6,"featured_media":393,"comment_status":"open","ping_status":"closed","sticky":false,"template":"","format":"standard","meta":{"_uag_custom_page_level_css":"","site-sidebar-layout":"default","site-content-layout":"","ast-site-content-layout":"default","site-content-style":"default","site-sidebar-style":"default","ast-global-header-display":"","ast-banner-title-visibility":"","ast-main-header-display":"","ast-hfb-above-header-display":"","ast-hfb-below-header-display":"","ast-hfb-mobile-header-display":"","site-post-title":"","ast-breadcrumbs-content":"","ast-featured-img":"","footer-sml-layout":"","ast-disable-related-posts":"","theme-transparent-header-meta":"","adv-header-id-meta":"","stick-header-meta":"","header-above-stick-meta":"","header-main-stick-meta":"","header-below-stick-meta":"","astra-migrate-meta-layouts":"set","ast-page-background-enabled":"default","ast-page-background-meta":{"desktop":{"background-color":"","background-image":"","background-repeat":"repeat","background-position":"center center","background-size":"auto","background-attachment":"scroll","background-type":"","background-media":"","overlay-type":"","overlay-color":"","overlay-opacity":"","overlay-gradient":""},"tablet":{"background-color":"","background-image":"","background-repeat":"repeat","background-position":"center center","background-size":"auto","background-attachment":"scroll","background-type":"","background-media":"","overlay-type":"","overlay-color":"","overlay-opacity":"","overlay-gradient":""},"mobile":{"background-color":"","background-image":"","background-repeat":"repeat","background-position":"center center","background-size":"auto","background-attachment":"scroll","background-type":"","background-media":"","overlay-type":"","overlay-color":"","overlay-opacity":"","overlay-gradient":""}},"ast-content-background-meta":{"desktop":{"background-color":"var(--ast-global-color-5)","background-image":"","background-repeat":"repeat","background-position":"center center","background-size":"auto","background-attachment":"scroll","background-type":"","background-media":"","overlay-type":"","overlay-color":"","overlay-opacity":"","overlay-gradient":""},"tablet":{"background-color":"var(--ast-global-color-5)","background-image":"","background-repeat":"repeat","background-position":"center center","background-size":"auto","background-attachment":"scroll","background-type":"","background-media":"","overlay-type":"","overlay-color":"","overlay-opacity":"","overlay-gradient":""},"mobile":{"background-color":"var(--ast-global-color-5)","background-image":"","background-repeat":"repeat","background-position":"center center","background-size":"auto","background-attachment":"scroll","background-type":"","background-media":"","overlay-type":"","overlay-color":"","overlay-opacity":"","overlay-gradient":""}},"slim_seo":{"description":"S\u00edmbolos de Protesta. Episodio conmemorativo al 8 de marzo, d\u00eda de la mujer \u00bfCu\u00e1l es la historia de los s\u00edmbolos de la protesta de mujeres?","canonical":"https:\/\/pachakamani.com\/atravesdelaventana\/simbolos-de-protesta-8m-010\/","title":"S\u00edmbolos de Protesta #010 - A trav\u00e9s de la Ventana"},"footnotes":""},"categories":[41],"tags":[12,32,33],"class_list":["post-392","post","type-post","status-publish","format-standard","has-post-thumbnail","hentry","category-podcast","tag-8m","tag-protesta","tag-simbolos"],"uagb_featured_image_src":{"full":["https:\/\/pachakamani.com\/atravesdelaventana\/wp-content\/uploads\/sites\/6\/2023\/03\/10-simbolos.png",500,500,false],"thumbnail":["https:\/\/pachakamani.com\/atravesdelaventana\/wp-content\/uploads\/sites\/6\/2023\/03\/10-simbolos-150x150.png",150,150,true],"medium":["https:\/\/pachakamani.com\/atravesdelaventana\/wp-content\/uploads\/sites\/6\/2023\/03\/10-simbolos-300x300.png",300,300,true],"medium_large":["https:\/\/pachakamani.com\/atravesdelaventana\/wp-content\/uploads\/sites\/6\/2023\/03\/10-simbolos.png",500,500,false],"large":["https:\/\/pachakamani.com\/atravesdelaventana\/wp-content\/uploads\/sites\/6\/2023\/03\/10-simbolos.png",500,500,false],"1536x1536":["https:\/\/pachakamani.com\/atravesdelaventana\/wp-content\/uploads\/sites\/6\/2023\/03\/10-simbolos.png",500,500,false],"2048x2048":["https:\/\/pachakamani.com\/atravesdelaventana\/wp-content\/uploads\/sites\/6\/2023\/03\/10-simbolos.png",500,500,false]},"uagb_author_info":{"display_name":"Gloria Villarroel","author_link":"https:\/\/pachakamani.com\/atravesdelaventana\/author\/gloria\/"},"uagb_comment_info":0,"uagb_excerpt":"S\u00edmbolos de Protesta. Episodio conmemorativo al 8 de marzo, d\u00eda de la mujer \u00bfCu\u00e1l es la historia de los s\u00edmbolos de la protesta de mujeres?","_links":{"self":[{"href":"https:\/\/pachakamani.com\/atravesdelaventana\/wp-json\/wp\/v2\/posts\/392","targetHints":{"allow":["GET"]}}],"collection":[{"href":"https:\/\/pachakamani.com\/atravesdelaventana\/wp-json\/wp\/v2\/posts"}],"about":[{"href":"https:\/\/pachakamani.com\/atravesdelaventana\/wp-json\/wp\/v2\/types\/post"}],"author":[{"embeddable":true,"href":"https:\/\/pachakamani.com\/atravesdelaventana\/wp-json\/wp\/v2\/users\/6"}],"replies":[{"embeddable":true,"href":"https:\/\/pachakamani.com\/atravesdelaventana\/wp-json\/wp\/v2\/comments?post=392"}],"version-history":[{"count":2,"href":"https:\/\/pachakamani.com\/atravesdelaventana\/wp-json\/wp\/v2\/posts\/392\/revisions"}],"predecessor-version":[{"id":724,"href":"https:\/\/pachakamani.com\/atravesdelaventana\/wp-json\/wp\/v2\/posts\/392\/revisions\/724"}],"wp:featuredmedia":[{"embeddable":true,"href":"https:\/\/pachakamani.com\/atravesdelaventana\/wp-json\/wp\/v2\/media\/393"}],"wp:attachment":[{"href":"https:\/\/pachakamani.com\/atravesdelaventana\/wp-json\/wp\/v2\/media?parent=392"}],"wp:term":[{"taxonomy":"category","embeddable":true,"href":"https:\/\/pachakamani.com\/atravesdelaventana\/wp-json\/wp\/v2\/categories?post=392"},{"taxonomy":"post_tag","embeddable":true,"href":"https:\/\/pachakamani.com\/atravesdelaventana\/wp-json\/wp\/v2\/tags?post=392"}],"curies":[{"name":"wp","href":"https:\/\/api.w.org\/{rel}","templated":true}]}}