{"id":333,"date":"2022-03-08T07:13:42","date_gmt":"2022-03-08T07:13:42","guid":{"rendered":"https:\/\/pachakamani.com\/atravesdelaventana\/?post_type=podcast&#038;p=333"},"modified":"2026-01-28T00:02:56","modified_gmt":"2026-01-28T04:02:56","slug":"mujeres-unidas-hermanadas-006","status":"publish","type":"post","link":"https:\/\/pachakamani.com\/atravesdelaventana\/mujeres-unidas-hermanadas-006\/","title":{"rendered":"Mujeres unidas y hermanadas #006"},"content":{"rendered":"<div class=\"powerpress_player\" id=\"powerpress_player_9938\"><audio class=\"wp-audio-shortcode\" id=\"audio-333-1\" preload=\"none\" style=\"width: 100%;\" controls=\"controls\"><source type=\"audio\/mpeg\" src=\"https:\/\/op3.dev\/e\/archive.org\/download\/lv000\/06-Mujeres-unidas-hermanadas.mp3?_=1\" \/><a href=\"https:\/\/op3.dev\/e\/archive.org\/download\/lv000\/06-Mujeres-unidas-hermanadas.mp3\">https:\/\/op3.dev\/e\/archive.org\/download\/lv000\/06-Mujeres-unidas-hermanadas.mp3<\/a><\/audio><\/div>\n<p>El 8 de marzo D\u00eda Internacional de la mujer es una fecha significativa, en Bolivia en este a\u00f1o 2022 lo es mucho m\u00e1s. Las mujeres salen a las calles con las mismas consignas de hace a\u00f1os, la diferencia, que en los \u00faltimos meses se ha logrado avances en el apresamiento de feminicidas. Todo por puesta en p\u00fablico del caso de Richard Choque feminicida que puso en descubierto una justicia corrupta que a trav\u00e9s de una red de fiscales, jueces, m\u00e9dicos y abogados liberaban a los asesinos de mujeres, la libertad de estos asesinos tenia precio.<\/p>\n\n\n\n<p>El logro de la lucha de las mujeres, de la poblaci\u00f3n hastiada del proceder de la justicia hizo temblar a ministros y jefes de la polic\u00eda quienes en pocos d\u00edas y semanas procedieron a apresar a otros asesinos que estaban libres. Es este logro propio de las mujeres y la misma poblaci\u00f3n que ser\u00e1 celebrada, pero la consigna de lucha por justicia no descansa y debe continuar para otras v\u00edctimas.<\/p>\n\n\n\n<p>Este episodio tuvo la intervenci\u00f3n de miembras del colectivo Ni una menos de Santa Cruz, a Ingrid, Miriam, Kimberly y Vivi quienes amablemente accedieron a una entrevista, del mismo modo Alejandra del colectivo Ni una menos de La Paz.<\/p>\n\n\n\n<p>Se hizo seguimiento del actuar de la agrupaci\u00f3n Mujeres Creando durante el \u00faltimo mes por las redes sociales. Es as\u00ed que asist\u00ed a la premiaci\u00f3n <em>La mejor sentencia<\/em>, donde las ni\u00f1as Sol Zeballos y Paola Gambino fueron ganadoras en la categor\u00eda Sentencia para feminicidas.<\/p>\n\n\n\n<p>Fuente del Audio:  <a href=\"https:\/\/www.facebook.com\/watch\/live\/?ref=watch_permalink&amp;v=1130802667738485\" target=\"_blank\" rel=\"noreferrer noopener\">Ministerio de Gobierno y la Polic\u00eda recaptur\u00f3 a un femi<\/a>nicida (Bolivia TV)<\/p>\n\n\n\n<h2 class=\"wp-block-heading\">\u00a1Gracias por escuchar!<\/h2>\n\n\n\n<ul class=\"wp-block-list\">\n<li>Lista de <a href=\"https:\/\/pachakamani.com\/atravesdelaventana\/instituciones-ayuda-mujer-bolivia\/\" target=\"_blank\" rel=\"noreferrer noopener\">Instituciones de ayuda a la mujer en Bolivia<\/a><\/li>\n\n\n\n<li>Danos tus comentarios, aportes o sugerencias al correo electr\u00f3nico&nbsp;<a href=\"mailto:laventana@pachakamani.com\">laventana@pachakamani.com<\/a>.<\/li>\n\n\n\n<li>Visita nuestro sitio web en&nbsp;<a rel=\"noreferrer noopener\" href=\"https:\/\/pachakamani.com\/atravesdelaventana\/\" target=\"_blank\">pachakamani.com\/atravesdelaventana<\/a><\/li>\n\n\n\n<li>Este podcast en&nbsp;<a href=\"https:\/\/www.youtube.com\/playlist?list=PLT7bMmaWGwzdJhF1wlD7wTuN-rGGIx9sf\" target=\"_blank\" rel=\"noreferrer noopener\">Youtube<\/a>.<\/li>\n\n\n\n<li>\u00abA trav\u00e9s de la Ventana\u00bb es un podcast del colectivo&nbsp;<a href=\"https:\/\/pachakamani.com\/\" target=\"_blank\" rel=\"noreferrer noopener\">PachaKamani<\/a>&nbsp;en coproducci\u00f3n con&nbsp;<a href=\"https:\/\/kamaniaudio.com\/\" target=\"_blank\" rel=\"noreferrer noopener\">Kamani Audio<\/a>.<\/li>\n<\/ul>\n\n\n\n<p>Ay\u00fadanos compartiendo este podcast en tu red social preferida:<\/p>\n","protected":false},"excerpt":{"rendered":"<p>El 8 de marzo D\u00eda Internacional de la mujer es una fecha significativa, en Bolivia en este a\u00f1o 2022 lo [&hellip;]<\/p>\n","protected":false},"author":6,"featured_media":334,"comment_status":"open","ping_status":"closed","sticky":false,"template":"","format":"standard","meta":{"_uag_custom_page_level_css":"","site-sidebar-layout":"default","site-content-layout":"","ast-site-content-layout":"default","site-content-style":"default","site-sidebar-style":"default","ast-global-header-display":"","ast-banner-title-visibility":"","ast-main-header-display":"","ast-hfb-above-header-display":"","ast-hfb-below-header-display":"","ast-hfb-mobile-header-display":"","site-post-title":"","ast-breadcrumbs-content":"","ast-featured-img":"","footer-sml-layout":"","ast-disable-related-posts":"","theme-transparent-header-meta":"","adv-header-id-meta":"","stick-header-meta":"","header-above-stick-meta":"","header-main-stick-meta":"","header-below-stick-meta":"","astra-migrate-meta-layouts":"set","ast-page-background-enabled":"default","ast-page-background-meta":{"desktop":{"background-color":"","background-image":"","background-repeat":"repeat","background-position":"center center","background-size":"auto","background-attachment":"scroll","background-type":"","background-media":"","overlay-type":"","overlay-color":"","overlay-opacity":"","overlay-gradient":""},"tablet":{"background-color":"","background-image":"","background-repeat":"repeat","background-position":"center center","background-size":"auto","background-attachment":"scroll","background-type":"","background-media":"","overlay-type":"","overlay-color":"","overlay-opacity":"","overlay-gradient":""},"mobile":{"background-color":"","background-image":"","background-repeat":"repeat","background-position":"center center","background-size":"auto","background-attachment":"scroll","background-type":"","background-media":"","overlay-type":"","overlay-color":"","overlay-opacity":"","overlay-gradient":""}},"ast-content-background-meta":{"desktop":{"background-color":"var(--ast-global-color-5)","background-image":"","background-repeat":"repeat","background-position":"center center","background-size":"auto","background-attachment":"scroll","background-type":"","background-media":"","overlay-type":"","overlay-color":"","overlay-opacity":"","overlay-gradient":""},"tablet":{"background-color":"var(--ast-global-color-5)","background-image":"","background-repeat":"repeat","background-position":"center center","background-size":"auto","background-attachment":"scroll","background-type":"","background-media":"","overlay-type":"","overlay-color":"","overlay-opacity":"","overlay-gradient":""},"mobile":{"background-color":"var(--ast-global-color-5)","background-image":"","background-repeat":"repeat","background-position":"center center","background-size":"auto","background-attachment":"scroll","background-type":"","background-media":"","overlay-type":"","overlay-color":"","overlay-opacity":"","overlay-gradient":""}},"slim_seo":{"title":"Mujeres unidas y hermanadas #006 - A trav\u00e9s de la Ventana","description":"El 8 de marzo D\u00eda Internacional de la mujer es una fecha significativa, en Bolivia en este a\u00f1o 2022 lo es mucho m\u00e1s. Las mujeres salen a las calles con las mism"},"footnotes":""},"categories":[41],"tags":[12,16],"class_list":["post-333","post","type-post","status-publish","format-standard","has-post-thumbnail","hentry","category-podcast","tag-8m","tag-feminicidio"],"uagb_featured_image_src":{"full":["https:\/\/pachakamani.com\/atravesdelaventana\/wp-content\/uploads\/sites\/6\/2022\/03\/06-ALV-Mujeres-hermanadas.png",500,500,false],"thumbnail":["https:\/\/pachakamani.com\/atravesdelaventana\/wp-content\/uploads\/sites\/6\/2022\/03\/06-ALV-Mujeres-hermanadas-150x150.png",150,150,true],"medium":["https:\/\/pachakamani.com\/atravesdelaventana\/wp-content\/uploads\/sites\/6\/2022\/03\/06-ALV-Mujeres-hermanadas-300x300.png",300,300,true],"medium_large":["https:\/\/pachakamani.com\/atravesdelaventana\/wp-content\/uploads\/sites\/6\/2022\/03\/06-ALV-Mujeres-hermanadas.png",500,500,false],"large":["https:\/\/pachakamani.com\/atravesdelaventana\/wp-content\/uploads\/sites\/6\/2022\/03\/06-ALV-Mujeres-hermanadas.png",500,500,false],"1536x1536":["https:\/\/pachakamani.com\/atravesdelaventana\/wp-content\/uploads\/sites\/6\/2022\/03\/06-ALV-Mujeres-hermanadas.png",500,500,false],"2048x2048":["https:\/\/pachakamani.com\/atravesdelaventana\/wp-content\/uploads\/sites\/6\/2022\/03\/06-ALV-Mujeres-hermanadas.png",500,500,false]},"uagb_author_info":{"display_name":"Gloria Villarroel","author_link":"https:\/\/pachakamani.com\/atravesdelaventana\/author\/gloria\/"},"uagb_comment_info":0,"uagb_excerpt":"El 8 de marzo D\u00eda Internacional de la mujer es una fecha significativa, en Bolivia en este a\u00f1o 2022 lo [&hellip;]","_links":{"self":[{"href":"https:\/\/pachakamani.com\/atravesdelaventana\/wp-json\/wp\/v2\/posts\/333","targetHints":{"allow":["GET"]}}],"collection":[{"href":"https:\/\/pachakamani.com\/atravesdelaventana\/wp-json\/wp\/v2\/posts"}],"about":[{"href":"https:\/\/pachakamani.com\/atravesdelaventana\/wp-json\/wp\/v2\/types\/post"}],"author":[{"embeddable":true,"href":"https:\/\/pachakamani.com\/atravesdelaventana\/wp-json\/wp\/v2\/users\/6"}],"replies":[{"embeddable":true,"href":"https:\/\/pachakamani.com\/atravesdelaventana\/wp-json\/wp\/v2\/comments?post=333"}],"version-history":[{"count":1,"href":"https:\/\/pachakamani.com\/atravesdelaventana\/wp-json\/wp\/v2\/posts\/333\/revisions"}],"predecessor-version":[{"id":708,"href":"https:\/\/pachakamani.com\/atravesdelaventana\/wp-json\/wp\/v2\/posts\/333\/revisions\/708"}],"wp:featuredmedia":[{"embeddable":true,"href":"https:\/\/pachakamani.com\/atravesdelaventana\/wp-json\/wp\/v2\/media\/334"}],"wp:attachment":[{"href":"https:\/\/pachakamani.com\/atravesdelaventana\/wp-json\/wp\/v2\/media?parent=333"}],"wp:term":[{"taxonomy":"category","embeddable":true,"href":"https:\/\/pachakamani.com\/atravesdelaventana\/wp-json\/wp\/v2\/categories?post=333"},{"taxonomy":"post_tag","embeddable":true,"href":"https:\/\/pachakamani.com\/atravesdelaventana\/wp-json\/wp\/v2\/tags?post=333"}],"curies":[{"name":"wp","href":"https:\/\/api.w.org\/{rel}","templated":true}]}}