{"id":177,"date":"2021-03-29T07:05:35","date_gmt":"2021-03-29T07:05:35","guid":{"rendered":"https:\/\/pachakamani.com\/atravesdelaventana\/?post_type=podcast&#038;p=177"},"modified":"2026-01-27T23:56:11","modified_gmt":"2026-01-28T03:56:11","slug":"hanali-huaycho-003","status":"publish","type":"post","link":"https:\/\/pachakamani.com\/atravesdelaventana\/hanali-huaycho-003\/","title":{"rendered":"Hanal\u00ed Huaycho #003"},"content":{"rendered":"<div class=\"powerpress_player\" id=\"powerpress_player_3550\"><audio class=\"wp-audio-shortcode\" id=\"audio-177-1\" preload=\"none\" style=\"width: 100%;\" controls=\"controls\"><source type=\"audio\/mpeg\" src=\"https:\/\/op3.dev\/e\/archive.org\/download\/lv000\/03-hanali-huaycho.mp3?_=1\" \/><a href=\"https:\/\/op3.dev\/e\/archive.org\/download\/lv000\/03-hanali-huaycho.mp3\">https:\/\/op3.dev\/e\/archive.org\/download\/lv000\/03-hanali-huaycho.mp3<\/a><\/audio><\/div>\n<blockquote class=\"wp-block-quote is-layout-flow wp-block-quote-is-layout-flow\">\n<p>La muerte de una persona no puede ser la catapulta de la aplicaci\u00f3n de justicia.<br>Hay historias que no debemos olvidar. Con este episodio hacemos un homenaje a Hanal\u00ed Huaycho una mujer boliviana cuyo asesinato dio paso a protestas ciudadanas y a la promulgaci\u00f3n de la Ley 348.<\/p>\n<\/blockquote>\n\n\n\n<p>A veces en la historia encontramos que algunos sucesos o acciones trascendentales son producto de otros sucesos o personajes que los originan. En el caso de episodio 03 fue una persona que dio lugar a una Ley para la protecci\u00f3n a la mujer en Bolivia.<\/p>\n\n\n\n<p>Conocer los detalles de la muerte de Hanal\u00ed Huaycho y su relaci\u00f3n con otros hechos, hizo que este episodio sea dedicado a este caso.<\/p>\n\n\n\n<p>Hanal\u00ed Huaycho Hanover fue periodista que muri\u00f3 por la agresi\u00f3n de su esposo Jorge Clavijo Ovando. Este hecho sobrecogi\u00f3 a la poblaci\u00f3n boliviana, m\u00e1s aun cuando se conoci\u00f3 que&nbsp; Hanal\u00ed hab\u00eda denunciado a diferentes instituciones las agresiones de su esposo quien era polic\u00eda.<\/p>\n\n\n\n<p>Las instituciones correspondientes no atendieron su caso y su muerte fue alzada como bandera para la promulgaci\u00f3n acelerada de la Ley 348 Ley Integral para Garantizar a las Mujeres una Vida Libre de Violencia.<\/p>\n\n\n\n<p>Este caso es el mismo por el cual muchas mujeres atraviesan y casi la mayor\u00eda no ha logrado sentencia.<\/p>\n\n\n\n<p>Hanal\u00ed Huaycho Hanover representa a todas las mujeres que han sufrido o son v\u00edctimas de violencia y representa a todas las familias que sufren las ausencias y no encuentran justicia.<\/p>\n\n\n\n<p>\ud83c\udfa7 Elige tu <strong><a href=\"https:\/\/episodes.fm\/1557279045\" target=\"_blank\" rel=\"noopener nofollow\" title=\"App favorita\">App favorita<\/a><\/strong> para escuchar este podcast \u25b6\ufe0f <a href=\"https:\/\/pod.link\/1557279045\" target=\"_blank\" rel=\"noopener nofollow\" title=\"\">AQU\u00cd<\/a>.<\/p>\n\n\n\n<h2 class=\"wp-block-heading\">Informaci\u00f3n complementaria<\/h2>\n\n\n\n<p>Para la grabaci\u00f3n de este episodio se utiliz\u00f3 los siguientes audios de la p\u00e1gina web <a href=\"http:\/\/www.sutori.com\">www.sutori.com<\/a>, con los siguientes:<\/p>\n\n\n\n<ul class=\"wp-block-list\">\n<li>Protestan por violencia<\/li>\n\n\n\n<li>Justicia para Hanali Huaycho<\/li>\n\n\n\n<li>Quince pu\u00f1aladas Luis Rico. Este audio de composici\u00f3n del canta autor Luis Rico.<\/li>\n<\/ul>\n\n\n\n<p>Los otros audios son de procedencia de youtube aqu\u00ed las referencias y otros que pueden interesar.<\/p>\n\n\n\n<p>\u00ab<a href=\"https:\/\/andaluztarija.com\/tag\/caso-clavijo\/\" target=\"_blank\" rel=\"noreferrer noopener\">Archivo de la etiqueta: Caso clavijo<\/a>\u00ab<\/p>\n\n\n\n<figure class=\"wp-block-embed alignright is-type-video is-provider-youtube wp-block-embed-youtube wp-embed-aspect-16-9 wp-has-aspect-ratio\"><div class=\"wp-block-embed__wrapper\">\n<iframe title=\"Forenses logran identificar el cad\u00e1ver del asesino de la periodista Anali Huaycho\" width=\"500\" height=\"281\" src=\"https:\/\/www.youtube.com\/embed\/D9e3d11jbzo?feature=oembed\" frameborder=\"0\" allow=\"accelerometer; autoplay; clipboard-write; encrypted-media; gyroscope; picture-in-picture; web-share\" referrerpolicy=\"strict-origin-when-cross-origin\" allowfullscreen><\/iframe>\n<\/div><\/figure>\n\n\n\n<figure class=\"wp-block-embed alignright is-type-video is-provider-youtube wp-block-embed-youtube wp-embed-aspect-16-9 wp-has-aspect-ratio\"><div class=\"wp-block-embed__wrapper\">\n<iframe title=\"Polic\u00eda presenta cad\u00e1ver (seg\u00fan ellos) de Jorge Clavijo caso Hanal\u00ed Huaycho\" width=\"500\" height=\"281\" src=\"https:\/\/www.youtube.com\/embed\/dBAgAH66lWU?feature=oembed\" frameborder=\"0\" allow=\"accelerometer; autoplay; clipboard-write; encrypted-media; gyroscope; picture-in-picture; web-share\" referrerpolicy=\"strict-origin-when-cross-origin\" allowfullscreen><\/iframe>\n<\/div><\/figure>\n\n\n\n<p><\/p>\n\n\n\n<h2 class=\"wp-block-heading\">\u00a1Gracias por escuchar!<\/h2>\n\n\n\n<ul class=\"wp-block-list\">\n<li>Lista de <a href=\"https:\/\/pachakamani.com\/atravesdelaventana\/instituciones-ayuda-mujer-bolivia\/\" target=\"_blank\" rel=\"noreferrer noopener\">Instituciones de ayuda a la mujer en Bolivia<\/a><\/li>\n\n\n\n<li>Danos tus comentarios, aportes o sugerencias al correo electr\u00f3nico&nbsp;<a href=\"mailto:laventana@pachakamani.com\">laventana@pachakamani.com<\/a>.<\/li>\n\n\n\n<li>Visita nuestro sitio web en&nbsp;<a rel=\"noreferrer noopener\" href=\"https:\/\/pachakamani.com\/atravesdelaventana\/\" target=\"_blank\">pachakamani.com\/atravesdelaventana<\/a><\/li>\n\n\n\n<li>Este podcast en&nbsp;<a href=\"https:\/\/www.youtube.com\/playlist?list=PLT7bMmaWGwzdJhF1wlD7wTuN-rGGIx9sf\" target=\"_blank\" rel=\"noreferrer noopener\">Youtube<\/a>.<\/li>\n\n\n\n<li>\u00abA trav\u00e9s de la Ventana\u00bb es un podcast del colectivo&nbsp;<a href=\"https:\/\/pachakamani.com\/\" target=\"_blank\" rel=\"noreferrer noopener\">PachaKamani<\/a>&nbsp;en coproducci\u00f3n con&nbsp;<a href=\"https:\/\/kamaniaudio.com\/\" target=\"_blank\" rel=\"noreferrer noopener\">Kamani Audio<\/a>.<\/li>\n<\/ul>\n\n\n\n<p>Ay\u00fadanos compartiendo este podcast en tu red social preferida:<\/p>\n","protected":false},"excerpt":{"rendered":"<p>La muerte de una persona no puede ser la catapulta de la aplicaci\u00f3n de justicia.Hay historias que no debemos olvidar. [&hellip;]<\/p>\n","protected":false},"author":6,"featured_media":178,"comment_status":"open","ping_status":"closed","sticky":false,"template":"","format":"standard","meta":{"_uag_custom_page_level_css":"","site-sidebar-layout":"default","site-content-layout":"default","ast-site-content-layout":"default","site-content-style":"default","site-sidebar-style":"default","ast-global-header-display":"","ast-banner-title-visibility":"","ast-main-header-display":"","ast-hfb-above-header-display":"","ast-hfb-below-header-display":"","ast-hfb-mobile-header-display":"","site-post-title":"","ast-breadcrumbs-content":"","ast-featured-img":"","footer-sml-layout":"","ast-disable-related-posts":"","theme-transparent-header-meta":"default","adv-header-id-meta":"","stick-header-meta":"","header-above-stick-meta":"","header-main-stick-meta":"","header-below-stick-meta":"","astra-migrate-meta-layouts":"set","ast-page-background-enabled":"default","ast-page-background-meta":{"desktop":{"background-color":"","background-image":"","background-repeat":"repeat","background-position":"center center","background-size":"auto","background-attachment":"scroll","background-type":"","background-media":"","overlay-type":"","overlay-color":"","overlay-opacity":"","overlay-gradient":""},"tablet":{"background-color":"","background-image":"","background-repeat":"repeat","background-position":"center center","background-size":"auto","background-attachment":"scroll","background-type":"","background-media":"","overlay-type":"","overlay-color":"","overlay-opacity":"","overlay-gradient":""},"mobile":{"background-color":"","background-image":"","background-repeat":"repeat","background-position":"center center","background-size":"auto","background-attachment":"scroll","background-type":"","background-media":"","overlay-type":"","overlay-color":"","overlay-opacity":"","overlay-gradient":""}},"ast-content-background-meta":{"desktop":{"background-color":"var(--ast-global-color-5)","background-image":"","background-repeat":"repeat","background-position":"center center","background-size":"auto","background-attachment":"scroll","background-type":"","background-media":"","overlay-type":"","overlay-color":"","overlay-opacity":"","overlay-gradient":""},"tablet":{"background-color":"var(--ast-global-color-5)","background-image":"","background-repeat":"repeat","background-position":"center center","background-size":"auto","background-attachment":"scroll","background-type":"","background-media":"","overlay-type":"","overlay-color":"","overlay-opacity":"","overlay-gradient":""},"mobile":{"background-color":"var(--ast-global-color-5)","background-image":"","background-repeat":"repeat","background-position":"center center","background-size":"auto","background-attachment":"scroll","background-type":"","background-media":"","overlay-type":"","overlay-color":"","overlay-opacity":"","overlay-gradient":""}},"slim_seo":{"facebook_image":"https:\/\/pachakamani.com\/atravesdelaventana\/wp-content\/uploads\/sites\/6\/2021\/03\/03-Hanali.png","twitter_image":"https:\/\/pachakamani.com\/atravesdelaventana\/wp-content\/uploads\/sites\/6\/2021\/03\/03-Hanali.png","canonical":"https:\/\/pachakamani.com\/atravesdelaventana\/hanali-huaycho-003\/","title":"Hanal\u00ed Huaycho #003 - A trav\u00e9s de la Ventana","description":"La muerte de una persona no puede ser la catapulta de la aplicaci\u00f3n de justicia. Hay historias que no debemos olvidar. Con este episodio hacemos un homenaje a H"},"footnotes":""},"categories":[41],"tags":[16,15,17,18],"class_list":["post-177","post","type-post","status-publish","format-standard","has-post-thumbnail","hentry","category-podcast","tag-feminicidio","tag-hanali-huaycho","tag-la-paz","tag-ley-348"],"uagb_featured_image_src":{"full":["https:\/\/pachakamani.com\/atravesdelaventana\/wp-content\/uploads\/sites\/6\/2021\/03\/03-Hanali.png",500,500,false],"thumbnail":["https:\/\/pachakamani.com\/atravesdelaventana\/wp-content\/uploads\/sites\/6\/2021\/03\/03-Hanali-150x150.png",150,150,true],"medium":["https:\/\/pachakamani.com\/atravesdelaventana\/wp-content\/uploads\/sites\/6\/2021\/03\/03-Hanali-300x300.png",300,300,true],"medium_large":["https:\/\/pachakamani.com\/atravesdelaventana\/wp-content\/uploads\/sites\/6\/2021\/03\/03-Hanali.png",500,500,false],"large":["https:\/\/pachakamani.com\/atravesdelaventana\/wp-content\/uploads\/sites\/6\/2021\/03\/03-Hanali.png",500,500,false],"1536x1536":["https:\/\/pachakamani.com\/atravesdelaventana\/wp-content\/uploads\/sites\/6\/2021\/03\/03-Hanali.png",500,500,false],"2048x2048":["https:\/\/pachakamani.com\/atravesdelaventana\/wp-content\/uploads\/sites\/6\/2021\/03\/03-Hanali.png",500,500,false]},"uagb_author_info":{"display_name":"Gloria Villarroel","author_link":"https:\/\/pachakamani.com\/atravesdelaventana\/author\/gloria\/"},"uagb_comment_info":1,"uagb_excerpt":"La muerte de una persona no puede ser la catapulta de la aplicaci\u00f3n de justicia.Hay historias que no debemos olvidar. [&hellip;]","_links":{"self":[{"href":"https:\/\/pachakamani.com\/atravesdelaventana\/wp-json\/wp\/v2\/posts\/177","targetHints":{"allow":["GET"]}}],"collection":[{"href":"https:\/\/pachakamani.com\/atravesdelaventana\/wp-json\/wp\/v2\/posts"}],"about":[{"href":"https:\/\/pachakamani.com\/atravesdelaventana\/wp-json\/wp\/v2\/types\/post"}],"author":[{"embeddable":true,"href":"https:\/\/pachakamani.com\/atravesdelaventana\/wp-json\/wp\/v2\/users\/6"}],"replies":[{"embeddable":true,"href":"https:\/\/pachakamani.com\/atravesdelaventana\/wp-json\/wp\/v2\/comments?post=177"}],"version-history":[{"count":1,"href":"https:\/\/pachakamani.com\/atravesdelaventana\/wp-json\/wp\/v2\/posts\/177\/revisions"}],"predecessor-version":[{"id":705,"href":"https:\/\/pachakamani.com\/atravesdelaventana\/wp-json\/wp\/v2\/posts\/177\/revisions\/705"}],"wp:featuredmedia":[{"embeddable":true,"href":"https:\/\/pachakamani.com\/atravesdelaventana\/wp-json\/wp\/v2\/media\/178"}],"wp:attachment":[{"href":"https:\/\/pachakamani.com\/atravesdelaventana\/wp-json\/wp\/v2\/media?parent=177"}],"wp:term":[{"taxonomy":"category","embeddable":true,"href":"https:\/\/pachakamani.com\/atravesdelaventana\/wp-json\/wp\/v2\/categories?post=177"},{"taxonomy":"post_tag","embeddable":true,"href":"https:\/\/pachakamani.com\/atravesdelaventana\/wp-json\/wp\/v2\/tags?post=177"}],"curies":[{"name":"wp","href":"https:\/\/api.w.org\/{rel}","templated":true}]}}