{"id":131,"date":"2021-03-08T23:19:08","date_gmt":"2021-03-08T23:19:08","guid":{"rendered":"https:\/\/pachakamani.com\/atravesdelaventana\/?post_type=podcast&#038;p=131"},"modified":"2026-01-27T23:46:23","modified_gmt":"2026-01-28T03:46:23","slug":"que-es-la-violencia-01","status":"publish","type":"post","link":"https:\/\/pachakamani.com\/atravesdelaventana\/que-es-la-violencia-01\/","title":{"rendered":"\u00bfQu\u00e9 es la violencia? #001"},"content":{"rendered":"<div class=\"powerpress_player\" id=\"powerpress_player_4153\"><audio class=\"wp-audio-shortcode\" id=\"audio-131-1\" preload=\"none\" style=\"width: 100%;\" controls=\"controls\"><source type=\"audio\/mpeg\" src=\"https:\/\/op3.dev\/e\/archive.org\/download\/lv000\/01-Que-es-violencia.mp3?_=1\" \/><a href=\"https:\/\/op3.dev\/e\/archive.org\/download\/lv000\/01-Que-es-violencia.mp3\">https:\/\/op3.dev\/e\/archive.org\/download\/lv000\/01-Que-es-violencia.mp3<\/a><\/audio><\/div>\n<blockquote class=\"wp-block-quote is-layout-flow wp-block-quote-is-layout-flow\">\n<p>Es una pregunta importante que viene de la mano de la violencia contra la mujer. En este episodio se responder\u00e1 a tres preguntas: \u00bfQu\u00e9 es violencia? \u00bfQu\u00e9 es violencia contra la mujer? \u00bfPor qu\u00e9 contin\u00faan los casos de violencia?<\/p>\n<\/blockquote>\n\n\n\n<p>Esta explicaci\u00f3n viene respaldada por las definiciones que la Organizaci\u00f3n de las Naciones Unidas ha desarrollado para iniciar acciones al respecto. Los pa\u00edses miembros deber\u00e1n generar planes y pol\u00edticas de protecci\u00f3n a la mujer.<\/p>\n\n\n\n<p>La ONU al ser un organismo que aglomera a varios pa\u00edses del mundo, es el ente regulador que obliga a los Estados a comprometerse a generar planes de igualdad en beneficio de las mujeres y ni\u00f1as.<\/p>\n\n\n\n<p>En el caso boliviano, en el a\u00f1o 2016 Bolivia se compromete a asegurar la implementaci\u00f3n adecuada de nuevas leyes a partir de la Constituci\u00f3n y leyes espec\u00edficas para lograr la paridad y alternancia en la representaci\u00f3n pol\u00edtica.<\/p>\n\n\n\n<p>En el a\u00f1o 2013 a ra\u00edz del asesinato de Anahi Huaycho se acelera la emisi\u00f3n de la denominada, Ley integral para garantizar a las mujeres una vida libre de violencia o mejor conocida como la ley 348.<\/p>\n\n\n\n<p>Sin embargo la violencia contra la mujer contin\u00faa. La violencia debe analizarse desde varios aspectos que se entrelazan. Los estereotipos que se asignan a las mujeres, la educaci\u00f3n desde la familia, el k\u00ednder, el colegio, la universidad y la fuente laboral. Este aspecto muy relacionado al acceso de ingresos que le posibilite su autonom\u00eda.<\/p>\n\n\n\n<p>El machismo y patriarcado ambos institucionalizados y de car\u00e1cter generacional, poseen una historicidad de siglos que ha enraizado la supeditaci\u00f3n y disminuci\u00f3n de las capacidades de las mujeres.<\/p>\n\n\n\n<p>Todos estos actos combinados dan lugar a la institucionalizaci\u00f3n y naturalizaci\u00f3n de la violencia que adem\u00e1s es cotidiana. Las leyes existen pero su eficacia es cuestionada, actualmente en Bolivia se est\u00e1 trabajando en la modificaci\u00f3n de la ley 348, la supuestamente libera a las mujeres de la violencia.<\/p>\n\n\n\n<p>Hay mucho por hacer y mucho que cambiar, no solo la ley, tambi\u00e9n el origen de la misma, es decir, derrumbar su ra\u00edz estructural, naturalizada y cotidiana.<\/p>\n\n\n\n<p>A trav\u00e9s de la ventana te veo y te acompa\u00f1ar\u00e9.<\/p>\n\n\n\n<p>\ud83c\udfa7 Elige tu <strong><a href=\"https:\/\/episodes.fm\/1557279045\" target=\"_blank\" rel=\"noopener nofollow\" title=\"App favorita\">App favorita<\/a><\/strong> para escuchar este podcast \u25b6\ufe0f <a href=\"https:\/\/pod.link\/1557279045\" target=\"_blank\" rel=\"noopener nofollow\" title=\"\">AQU\u00cd<\/a>.<\/p>\n\n\n\n<h2 class=\"wp-block-heading\">Agradecimientos:<\/h2>\n\n\n\n<ul class=\"wp-block-list\">\n<li>Ram\u00f3n Acevedo Cardona, psiquiatra colombiano. Disertaci\u00f3n de 03 de noviembre del 2017, Qu\u00e9 es la violencia. <a href=\"https:\/\/www.youtube.com\/watch?v=hb5Q0EOGfSo\">https:\/\/www.youtube.com\/watch?v=hb5Q0EOGfSo<\/a><\/li>\n\n\n\n<li>Ana G\u00fcezmes representante ONU MUJERES. Video La violencia contra la mujer, una pandemia global: ONU publicado el 22 de noviembre de 2016. <a href=\"https:\/\/www.youtube.com\/watch?v=KqFBlm7cIPk\">https:\/\/www.youtube.com\/watch?v=KqFBlm7cIPk<\/a> BTV NOTICIAS, publicado el 21 de enero de 2021.<\/li>\n\n\n\n<li>PRESENTAN PROPUESTAS PARA MODIFICACI\u00d3N DE LA LEY 348. <a href=\"https:\/\/www.youtube.com\/watch?v=hMXf2lcxKQU\">https:\/\/www.youtube.com\/watch?v=hMXf2lcxKQU<\/a><\/li>\n<\/ul>\n\n\n\n<h2 class=\"wp-block-heading\">\u00a1Gracias por escuchar!<\/h2>\n\n\n\n<ul class=\"wp-block-list\">\n<li>Lista de <a href=\"https:\/\/pachakamani.com\/atravesdelaventana\/instituciones-ayuda-mujer-bolivia\/\" target=\"_blank\" rel=\"noreferrer noopener\">Instituciones de ayuda a la mujer en Bolivia<\/a><\/li>\n\n\n\n<li>Danos tus comentarios, aportes o sugerencias al correo electr\u00f3nico&nbsp;<a href=\"mailto:laventana@pachakamani.com\">laventana@pachakamani.com<\/a>.<\/li>\n\n\n\n<li>Visita nuestro sitio web en&nbsp;<a rel=\"noreferrer noopener\" href=\"https:\/\/pachakamani.com\/atravesdelaventana\/\" target=\"_blank\">pachakamani.com\/atravesdelaventana<\/a><\/li>\n\n\n\n<li>Este podcast en&nbsp;<a href=\"https:\/\/www.youtube.com\/playlist?list=PLT7bMmaWGwzdJhF1wlD7wTuN-rGGIx9sf\" target=\"_blank\" rel=\"noreferrer noopener\">Youtube<\/a>.<\/li>\n\n\n\n<li>\u00abA trav\u00e9s de la Ventana\u00bb es un podcast del colectivo&nbsp;<a href=\"https:\/\/pachakamani.com\/\" target=\"_blank\" rel=\"noreferrer noopener\">PachaKamani<\/a>&nbsp;en coproducci\u00f3n con&nbsp;<a href=\"https:\/\/kamaniaudio.com\/\" target=\"_blank\" rel=\"noreferrer noopener\">Kamani Audio<\/a>.<\/li>\n<\/ul>\n\n\n\n<p>Ay\u00fadanos compartiendo este podcast en tu red social preferida:<\/p>\n","protected":false},"excerpt":{"rendered":"<p>Es una pregunta importante que viene de la mano de la violencia contra la mujer. En este episodio se responder\u00e1 [&hellip;]<\/p>\n","protected":false},"author":6,"featured_media":132,"comment_status":"open","ping_status":"closed","sticky":false,"template":"","format":"standard","meta":{"_uag_custom_page_level_css":"","site-sidebar-layout":"default","site-content-layout":"default","ast-site-content-layout":"default","site-content-style":"default","site-sidebar-style":"default","ast-global-header-display":"","ast-banner-title-visibility":"","ast-main-header-display":"","ast-hfb-above-header-display":"","ast-hfb-below-header-display":"","ast-hfb-mobile-header-display":"","site-post-title":"","ast-breadcrumbs-content":"","ast-featured-img":"","footer-sml-layout":"","ast-disable-related-posts":"","theme-transparent-header-meta":"default","adv-header-id-meta":"","stick-header-meta":"","header-above-stick-meta":"","header-main-stick-meta":"","header-below-stick-meta":"","astra-migrate-meta-layouts":"set","ast-page-background-enabled":"default","ast-page-background-meta":{"desktop":{"background-color":"","background-image":"","background-repeat":"repeat","background-position":"center center","background-size":"auto","background-attachment":"scroll","background-type":"","background-media":"","overlay-type":"","overlay-color":"","overlay-opacity":"","overlay-gradient":""},"tablet":{"background-color":"","background-image":"","background-repeat":"repeat","background-position":"center center","background-size":"auto","background-attachment":"scroll","background-type":"","background-media":"","overlay-type":"","overlay-color":"","overlay-opacity":"","overlay-gradient":""},"mobile":{"background-color":"","background-image":"","background-repeat":"repeat","background-position":"center center","background-size":"auto","background-attachment":"scroll","background-type":"","background-media":"","overlay-type":"","overlay-color":"","overlay-opacity":"","overlay-gradient":""}},"ast-content-background-meta":{"desktop":{"background-color":"var(--ast-global-color-5)","background-image":"","background-repeat":"repeat","background-position":"center center","background-size":"auto","background-attachment":"scroll","background-type":"","background-media":"","overlay-type":"","overlay-color":"","overlay-opacity":"","overlay-gradient":""},"tablet":{"background-color":"var(--ast-global-color-5)","background-image":"","background-repeat":"repeat","background-position":"center center","background-size":"auto","background-attachment":"scroll","background-type":"","background-media":"","overlay-type":"","overlay-color":"","overlay-opacity":"","overlay-gradient":""},"mobile":{"background-color":"var(--ast-global-color-5)","background-image":"","background-repeat":"repeat","background-position":"center center","background-size":"auto","background-attachment":"scroll","background-type":"","background-media":"","overlay-type":"","overlay-color":"","overlay-opacity":"","overlay-gradient":""}},"slim_seo":{"facebook_image":"https:\/\/pachakamani.com\/atravesdelaventana\/wp-content\/uploads\/sites\/6\/2021\/03\/01-que-es-violencia.png","twitter_image":"https:\/\/pachakamani.com\/atravesdelaventana\/wp-content\/uploads\/sites\/6\/2021\/03\/01-que-es-violencia.png","canonical":"https:\/\/pachakamani.com\/atravesdelaventana\/que-es-la-violencia-01\/","title":"\u00bfQu\u00e9 es la violencia? #001 - A trav\u00e9s de la Ventana","description":"Es una pregunta importante que viene de la mano de la violencia contra la mujer. En este episodio se responder\u00e1 a tres preguntas: \u00bfQu\u00e9 es violencia? \u00bfQu\u00e9 es vio"},"footnotes":""},"categories":[41],"tags":[3,11,7,10],"class_list":["post-131","post","type-post","status-publish","format-standard","has-post-thumbnail","hentry","category-podcast","tag-podcast","tag-podcastbo","tag-violencia","tag-violencia-con-la-mujer"],"uagb_featured_image_src":{"full":["https:\/\/pachakamani.com\/atravesdelaventana\/wp-content\/uploads\/sites\/6\/2021\/03\/01-que-es-violencia.png",500,500,false],"thumbnail":["https:\/\/pachakamani.com\/atravesdelaventana\/wp-content\/uploads\/sites\/6\/2021\/03\/01-que-es-violencia-150x150.png",150,150,true],"medium":["https:\/\/pachakamani.com\/atravesdelaventana\/wp-content\/uploads\/sites\/6\/2021\/03\/01-que-es-violencia-300x300.png",300,300,true],"medium_large":["https:\/\/pachakamani.com\/atravesdelaventana\/wp-content\/uploads\/sites\/6\/2021\/03\/01-que-es-violencia.png",500,500,false],"large":["https:\/\/pachakamani.com\/atravesdelaventana\/wp-content\/uploads\/sites\/6\/2021\/03\/01-que-es-violencia.png",500,500,false],"1536x1536":["https:\/\/pachakamani.com\/atravesdelaventana\/wp-content\/uploads\/sites\/6\/2021\/03\/01-que-es-violencia.png",500,500,false],"2048x2048":["https:\/\/pachakamani.com\/atravesdelaventana\/wp-content\/uploads\/sites\/6\/2021\/03\/01-que-es-violencia.png",500,500,false]},"uagb_author_info":{"display_name":"Gloria Villarroel","author_link":"https:\/\/pachakamani.com\/atravesdelaventana\/author\/gloria\/"},"uagb_comment_info":0,"uagb_excerpt":"Es una pregunta importante que viene de la mano de la violencia contra la mujer. En este episodio se responder\u00e1 [&hellip;]","_links":{"self":[{"href":"https:\/\/pachakamani.com\/atravesdelaventana\/wp-json\/wp\/v2\/posts\/131","targetHints":{"allow":["GET"]}}],"collection":[{"href":"https:\/\/pachakamani.com\/atravesdelaventana\/wp-json\/wp\/v2\/posts"}],"about":[{"href":"https:\/\/pachakamani.com\/atravesdelaventana\/wp-json\/wp\/v2\/types\/post"}],"author":[{"embeddable":true,"href":"https:\/\/pachakamani.com\/atravesdelaventana\/wp-json\/wp\/v2\/users\/6"}],"replies":[{"embeddable":true,"href":"https:\/\/pachakamani.com\/atravesdelaventana\/wp-json\/wp\/v2\/comments?post=131"}],"version-history":[{"count":1,"href":"https:\/\/pachakamani.com\/atravesdelaventana\/wp-json\/wp\/v2\/posts\/131\/revisions"}],"predecessor-version":[{"id":703,"href":"https:\/\/pachakamani.com\/atravesdelaventana\/wp-json\/wp\/v2\/posts\/131\/revisions\/703"}],"wp:featuredmedia":[{"embeddable":true,"href":"https:\/\/pachakamani.com\/atravesdelaventana\/wp-json\/wp\/v2\/media\/132"}],"wp:attachment":[{"href":"https:\/\/pachakamani.com\/atravesdelaventana\/wp-json\/wp\/v2\/media?parent=131"}],"wp:term":[{"taxonomy":"category","embeddable":true,"href":"https:\/\/pachakamani.com\/atravesdelaventana\/wp-json\/wp\/v2\/categories?post=131"},{"taxonomy":"post_tag","embeddable":true,"href":"https:\/\/pachakamani.com\/atravesdelaventana\/wp-json\/wp\/v2\/tags?post=131"}],"curies":[{"name":"wp","href":"https:\/\/api.w.org\/{rel}","templated":true}]}}